{"id":1095,"date":"2020-12-01T14:44:39","date_gmt":"2020-12-01T19:44:39","guid":{"rendered":"https:\/\/chuv.umontreal.ca\/intranet\/ti\/?p=1095"},"modified":"2021-03-24T13:48:14","modified_gmt":"2021-03-24T18:48:14","slug":"horaire-personnalisations","status":"publish","type":"post","link":"https:\/\/chuv.umontreal.ca\/intranet\/ti\/horaire-personnalisations\/","title":{"rendered":"Horaire:  Personnalisations (01-12-2020)"},"content":{"rendered":"\n<p>La visualisation de l&#8217;horaire VetView peut \u00eatre compl\u00e8tement personnalis\u00e9e selon vos besoins.  Dans les diverses formations sur l&#8217;horaire, la pr\u00e9sentation par d\u00e9faut est utilis\u00e9e.  Cette le\u00e7on vous explique l&#8217;ensemble des personnalisations possibles sur cet \u00e9cran.<\/p>\n\n\n\n<p>Afin de pouvoir utiliser cette le\u00e7on, vous devez tr\u00e8s bien comprendre pr\u00e9alablement le fonctionnement global de l&#8217;horaire.  <\/p>\n\n\n\n<h3 class=\"wp-block-heading\">Gestion de l&#8217;espace sur l&#8217;horaire personnalis\u00e9e<\/h3>\n\n\n\n<p>Vous pouvez d\u00e9terminer la pr\u00e9sentation visuelle lors de l&#8217;entr\u00e9e sur l&#8217;\u00e9cran d&#8217;horaire dans votre session.  Pour le faire, ouvrir l&#8217;\u00e9cran d&#8217;horaire et faire les modifications d\u00e9sir\u00e9es.  Les options sont:<\/p>\n\n\n\n<figure class=\"wp-block-image size-large\"><img loading=\"lazy\" decoding=\"async\" width=\"700\" height=\"235\" src=\"https:\/\/chuv.umontreal.ca\/intranet\/ti\/wp-content\/uploads\/sites\/6\/2020\/12\/Screen-Shot-2020-12-01-at-13.37.47-700x235.png\" alt=\"\" class=\"wp-image-1099\" srcset=\"https:\/\/chuv.umontreal.ca\/intranet\/ti\/wp-content\/uploads\/sites\/6\/2020\/12\/Screen-Shot-2020-12-01-at-13.37.47-700x235.png 700w, https:\/\/chuv.umontreal.ca\/intranet\/ti\/wp-content\/uploads\/sites\/6\/2020\/12\/Screen-Shot-2020-12-01-at-13.37.47-300x101.png 300w, https:\/\/chuv.umontreal.ca\/intranet\/ti\/wp-content\/uploads\/sites\/6\/2020\/12\/Screen-Shot-2020-12-01-at-13.37.47-768x257.png 768w, https:\/\/chuv.umontreal.ca\/intranet\/ti\/wp-content\/uploads\/sites\/6\/2020\/12\/Screen-Shot-2020-12-01-at-13.37.47-1536x515.png 1536w, https:\/\/chuv.umontreal.ca\/intranet\/ti\/wp-content\/uploads\/sites\/6\/2020\/12\/Screen-Shot-2020-12-01-at-13.37.47-2048x687.png 2048w, https:\/\/chuv.umontreal.ca\/intranet\/ti\/wp-content\/uploads\/sites\/6\/2020\/12\/Screen-Shot-2020-12-01-at-13.37.47-380x127.png 380w\" sizes=\"auto, (max-width: 700px) 100vw, 700px\" \/><\/figure>\n\n\n\n<p>1 &#8211; Cliquer sur ces boutons pour cacher la colonne.  Si la colonne est d\u00e9j\u00e0 cach\u00e9e, cliquer sur le bouton pour rouvrir le colonne.<br>2 &#8211; Si vous avez choisi des horaires pr\u00e9cis \u00e0 afficher, vous pouvez choisir de montrer l&#8217;ensemble de la liste (la case n&#8217;est pas coch\u00e9e) ou montrer uniquement vos horaires (la case est coch\u00e9e)<br>3 &#8211; Vous pouvez choisir le(s) section(s) visible(s) et leur ordre. Pour acc\u00e9der aux options dans cette section, faire un clique de droit.  NB:  Les options changent selon le placement de la souris dans cette section (par exemple les options sur la ligne \u00abTask\u00bb ou dans une boite sp\u00e9cifique).  L&#8217;ensemble des choix possibles sont:<br>3a &#8211; Votre souris doit \u00eatre bien plac\u00e9e sur le titre de la section pour acc\u00e9der \u00e0 cette option.  Cliquer pour changer le placement de la boite choisie vers le haut d&#8217;une position.  Si la boite est en bas de votre liste et vous la voulez en haut de vos choix, vous devez r\u00e9p\u00e9ter ce choix jusqu&#8217;\u00e0 ce que la position d\u00e9sir\u00e9e soit obtenue.<br>3b &#8211; Votre souris doit \u00eatre bien plac\u00e9e sur le titre de la section pour acc\u00e9der \u00e0 cette option. Cliquer pour changer le placement de la boite choisie vers le bas d&#8217;une position.<br>3c &#8211; Votre souris doit \u00eatre bien plac\u00e9e sur le titre de la section pour acc\u00e9der \u00e0 cette option. Cliquer pour cacher la boite s\u00e9lectionn\u00e9e.  Si vous avez fait cette \u00e9tape par erreur, voir 3f pour voir les instructions pour les ajouts de boites.<br>3d &#8211; Cette option est disponible dans l&#8217;ensemble des \u00abtitres\u00bb sur l&#8217;\u00e9cran (par exemple les boites et dans la section \u00abQuick Calendar\u00bb \u00e0 droite de l&#8217;\u00e9cran).  Cliquer pour sauvegarder l&#8217;ensemble de vos choix pour la visualisation de l&#8217;horaire dans votre session<br>3e &#8211; Cette option est disponible dans l&#8217;ensemble des \u00abtitres\u00bb sur l&#8217;\u00e9cran (par exemple les boites et dans la section \u00abQuick Calendar\u00bb \u00e0 droite de l&#8217;\u00e9cran). Cliquer pour retourner \u00e0 la visualisation de votre horaire vers celui par d\u00e9faut pour le syst\u00e8me.<\/p>\n\n\n\n<div class=\"wp-block-image\"><figure class=\"aligncenter size-large is-resized\"><img loading=\"lazy\" decoding=\"async\" src=\"https:\/\/chuv.umontreal.ca\/intranet\/ti\/wp-content\/uploads\/sites\/6\/2020\/12\/Screen-Shot-2020-12-01-at-13.47.55.png\" alt=\"\" class=\"wp-image-1100\" width=\"372\" height=\"206\" srcset=\"https:\/\/chuv.umontreal.ca\/intranet\/ti\/wp-content\/uploads\/sites\/6\/2020\/12\/Screen-Shot-2020-12-01-at-13.47.55.png 546w, https:\/\/chuv.umontreal.ca\/intranet\/ti\/wp-content\/uploads\/sites\/6\/2020\/12\/Screen-Shot-2020-12-01-at-13.47.55-300x166.png 300w\" sizes=\"auto, (max-width: 372px) 100vw, 372px\" \/><\/figure><\/div>\n\n\n\n<p>3f &#8211; Votre souris doit \u00eatre bien plac\u00e9e sur le titre de la section pour acc\u00e9der \u00e0 cette option. Cliquer pour ajouter une section.  Cette option n&#8217;est pas visible si toutes les boites sont d\u00e9j\u00e0 visible sur l&#8217;\u00e9cran.<\/p>\n\n\n\n<div class=\"wp-block-image\"><figure class=\"aligncenter size-large is-resized\"><img loading=\"lazy\" decoding=\"async\" src=\"https:\/\/chuv.umontreal.ca\/intranet\/ti\/wp-content\/uploads\/sites\/6\/2020\/12\/Screen-Shot-2020-12-01-at-13.55.45-700x299.png\" alt=\"\" class=\"wp-image-1101\" width=\"453\" height=\"193\" srcset=\"https:\/\/chuv.umontreal.ca\/intranet\/ti\/wp-content\/uploads\/sites\/6\/2020\/12\/Screen-Shot-2020-12-01-at-13.55.45-700x299.png 700w, https:\/\/chuv.umontreal.ca\/intranet\/ti\/wp-content\/uploads\/sites\/6\/2020\/12\/Screen-Shot-2020-12-01-at-13.55.45-300x128.png 300w, https:\/\/chuv.umontreal.ca\/intranet\/ti\/wp-content\/uploads\/sites\/6\/2020\/12\/Screen-Shot-2020-12-01-at-13.55.45-768x328.png 768w, https:\/\/chuv.umontreal.ca\/intranet\/ti\/wp-content\/uploads\/sites\/6\/2020\/12\/Screen-Shot-2020-12-01-at-13.55.45.png 824w\" sizes=\"auto, (max-width: 453px) 100vw, 453px\" \/><\/figure><\/div>\n\n\n\n<h3 class=\"wp-block-heading\">Param\u00e8tres horaire personnalis\u00e9<\/h3>\n\n\n\n<p>Cliquer sur le bouton \u00abParam\u00e8tres\u00bb en haut et au milieu de l&#8217;\u00e9cran (avec ou sans les horaires choisis).<\/p>\n\n\n\n<figure class=\"wp-block-image size-large\"><img loading=\"lazy\" decoding=\"async\" width=\"700\" height=\"52\" src=\"https:\/\/chuv.umontreal.ca\/intranet\/ti\/wp-content\/uploads\/sites\/6\/2020\/12\/Screen-Shot-2020-12-01-at-14.06.40-700x52.png\" alt=\"\" class=\"wp-image-1105\" srcset=\"https:\/\/chuv.umontreal.ca\/intranet\/ti\/wp-content\/uploads\/sites\/6\/2020\/12\/Screen-Shot-2020-12-01-at-14.06.40-700x52.png 700w, https:\/\/chuv.umontreal.ca\/intranet\/ti\/wp-content\/uploads\/sites\/6\/2020\/12\/Screen-Shot-2020-12-01-at-14.06.40-300x22.png 300w, https:\/\/chuv.umontreal.ca\/intranet\/ti\/wp-content\/uploads\/sites\/6\/2020\/12\/Screen-Shot-2020-12-01-at-14.06.40-768x57.png 768w, https:\/\/chuv.umontreal.ca\/intranet\/ti\/wp-content\/uploads\/sites\/6\/2020\/12\/Screen-Shot-2020-12-01-at-14.06.40-1536x113.png 1536w, https:\/\/chuv.umontreal.ca\/intranet\/ti\/wp-content\/uploads\/sites\/6\/2020\/12\/Screen-Shot-2020-12-01-at-14.06.40.png 1712w\" sizes=\"auto, (max-width: 700px) 100vw, 700px\" \/><\/figure>\n\n\n\n<div class=\"wp-block-image\"><figure class=\"aligncenter size-large is-resized\"><img loading=\"lazy\" decoding=\"async\" src=\"https:\/\/chuv.umontreal.ca\/intranet\/ti\/wp-content\/uploads\/sites\/6\/2020\/12\/Screen-Shot-2020-12-01-at-14.14.42-700x1052.png\" alt=\"\" class=\"wp-image-1106\" width=\"415\" height=\"623\" srcset=\"https:\/\/chuv.umontreal.ca\/intranet\/ti\/wp-content\/uploads\/sites\/6\/2020\/12\/Screen-Shot-2020-12-01-at-14.14.42-700x1052.png 700w, https:\/\/chuv.umontreal.ca\/intranet\/ti\/wp-content\/uploads\/sites\/6\/2020\/12\/Screen-Shot-2020-12-01-at-14.14.42-200x300.png 200w, https:\/\/chuv.umontreal.ca\/intranet\/ti\/wp-content\/uploads\/sites\/6\/2020\/12\/Screen-Shot-2020-12-01-at-14.14.42-768x1154.png 768w, https:\/\/chuv.umontreal.ca\/intranet\/ti\/wp-content\/uploads\/sites\/6\/2020\/12\/Screen-Shot-2020-12-01-at-14.14.42-1022x1536.png 1022w, https:\/\/chuv.umontreal.ca\/intranet\/ti\/wp-content\/uploads\/sites\/6\/2020\/12\/Screen-Shot-2020-12-01-at-14.14.42.png 1248w\" sizes=\"auto, (max-width: 415px) 100vw, 415px\" \/><\/figure><\/div>\n\n\n\n<p>1 &#8211; Vous pouvez d\u00e9finir le type de visualisation de l&#8217;horaire qui sera utilis\u00e9 par d\u00e9faut dans votre session.  Les choix sont:<\/p>\n\n\n\n<ul class=\"wp-block-list\"><li>Vue quotidienne horaire (la vue par d\u00e9faut dans le syst\u00e8me) qui montre une journ\u00e9e \u00e0 la fois en format calendrier<\/li><li>Vue quotidienne liste qui montre une journ\u00e9e \u00e0 la fois en format liste.<\/li><li>Vue semaine horaire qui montre une semaine \u00e0 la fois en format calendrier<\/li><li>Vue semaine liste qui montre une semaine \u00e0 la fois en format liste.<\/li><\/ul>\n\n\n\n<p>Vous pouvez toujours changer votre choix sur l&#8217;\u00e9cran d&#8217;horaire pour des moments pr\u00e9cis.  N. B. Si jamais vous rencontrez des probl\u00e8mes avec l&#8217;affichage en changeant le choix, vous devez quitter l&#8217;\u00e9cran et y retourner pour corriger au besoin.  Les choix ponctuels sont disponibles en haut et au milieu de l&#8217;\u00e9cran.<\/p>\n\n\n\n<figure class=\"wp-block-image size-large\"><img loading=\"lazy\" decoding=\"async\" width=\"700\" height=\"45\" src=\"https:\/\/chuv.umontreal.ca\/intranet\/ti\/wp-content\/uploads\/sites\/6\/2020\/12\/Screen-Shot-2020-12-01-at-14.16.18-700x45.png\" alt=\"\" class=\"wp-image-1107\" srcset=\"https:\/\/chuv.umontreal.ca\/intranet\/ti\/wp-content\/uploads\/sites\/6\/2020\/12\/Screen-Shot-2020-12-01-at-14.16.18-700x45.png 700w, https:\/\/chuv.umontreal.ca\/intranet\/ti\/wp-content\/uploads\/sites\/6\/2020\/12\/Screen-Shot-2020-12-01-at-14.16.18-300x19.png 300w, https:\/\/chuv.umontreal.ca\/intranet\/ti\/wp-content\/uploads\/sites\/6\/2020\/12\/Screen-Shot-2020-12-01-at-14.16.18-768x49.png 768w, https:\/\/chuv.umontreal.ca\/intranet\/ti\/wp-content\/uploads\/sites\/6\/2020\/12\/Screen-Shot-2020-12-01-at-14.16.18-1536x99.png 1536w, https:\/\/chuv.umontreal.ca\/intranet\/ti\/wp-content\/uploads\/sites\/6\/2020\/12\/Screen-Shot-2020-12-01-at-14.16.18.png 1558w\" sizes=\"auto, (max-width: 700px) 100vw, 700px\" \/><\/figure>\n\n\n\n<p>2 &#8211; Par d\u00e9faut les colonnes o\u00f9 vous voyez des plages sont de taille moyenne.  Selon vos besoin vous pouvez choisir les options: petite, moyenne ou grande.<br>3 &#8211; Par d\u00e9faut, lorsque vous ajouter des plages manuellement sur l&#8217;horaire, la dur\u00e9e est assign\u00e9e est de 1 heure.  Si vos plages sont normalement d&#8217;une autre dur\u00e9e, vous pouvez mettre le dur\u00e9e d\u00e9sir\u00e9e ici.  Voir <a href=\"https:\/\/chuv.umontreal.ca\/intranet\/ti\/horaire-ajouter-des-plages\/\" data-type=\"post\" data-id=\"443\">cette le\u00e7on<\/a> pour plus d&#8217;information sur les ajouts manuels sur l&#8217;horaire.<br>4 &#8211; Par d\u00e9faut l&#8217;\u00e9cran d&#8217;horaire va rafra\u00eechir aux 2 minutes.  Vous pouvez le modifier pour votre session ici.<br>5 &#8211; Par d\u00e9faut, les plages ajout\u00e9 pour les arriv\u00e9es d&#8217;avance auront les m\u00eames choix que ceux dans la partie #3.  Si vous d\u00e9sirez une plage diff\u00e9rente par d\u00e9faut, vous pouvez la modifier ici.  Voir <a href=\"https:\/\/chuv.umontreal.ca\/intranet\/ti\/horaire-tasks\/\" data-type=\"post\" data-id=\"715\">cette le\u00e7on<\/a> pour plus d&#8217;information sur ce type de plage.<br>6 &#8211; Par d\u00e9faut les plages ajout\u00e9es dans la section ramassage auront les m\u00eames choix que ceux dans la partie #3.  Si vous voulez un plage diff\u00e9rente par d\u00e9faut, vous pouvez la modifier ici.  Voir <a href=\"https:\/\/chuv.umontreal.ca\/intranet\/ti\/horaire-tasks\/\" data-type=\"post\" data-id=\"715\">cette le\u00e7on<\/a> pour plus d&#8217;information sur ce type de plage.<br>7 &#8211; Par d\u00e9faut l&#8217;horaire montre que les heures \u00abouvertes\u00bb normales (7h &#8211; 19h).  Si vous avez besoin de voir syst\u00e9matiquement les heures avant ou apr\u00e8s, vous pouvez cocher cette option.  Si vous ne le s\u00e9lectionnez pas, un bouton \u00abVoir plus\u00bb est visible en haut ou en bas de la colonne si une rendez-vous est sur l&#8217;horaire avant\/apr\u00e8s les heures ouvertes.<br>8 &#8211; Par d\u00e9faut, la vue semaine inclus du lundi au vendredi.  Si vous d\u00e9sirez \u00e9galement voir les samedis et dimanches dans la vue de semaine, vous devez d\u00e9-cocher cette option.<br>9 &#8211; Par d\u00e9faut, les animaux morts qui ont toujours des rendez-vous sur l&#8217;horaire sont cach\u00e9s sur l&#8217;horaire.  Si vous d\u00e9sirez voir \u00e9galement ces rendez-vous, vous devez cocher cette option.<br>10 &#8211; Par d\u00e9faut les rendez-vous annul\u00e9s sont cach\u00e9s sur l&#8217;horaire.  Si vous voulez \u00e9galement voir ces rendez-vous, vous devez cocher cette option.<br>11 &#8211; Par d\u00e9faut, les plages de rendez-vous ouverts (non-pris) sont visibles sur l&#8217;horaire.  Si vous voulez voir que les rendez-vous pris, vous devez d\u00e9-cocher cette option.<br>12 &#8211; Par d\u00e9faut, quand vous cliquer sur le bouton \u00abHoraire\u00bb dans le menu primaire en haut de l&#8217;\u00e9cran VetView, vous devez choisir le(s) horaire(s) que vous d\u00e9sirez visualiser.  Pour avoir le(s) option(s) pr\u00e9-s\u00e9lectionn\u00e9es sur l&#8217;entr\u00e9e de l&#8217;\u00e9cran, vous devez mettre les choix appropri\u00e9s dans la colonne \u00abMontrer ces horaires\u00bb.  Si vous d\u00e9sirez retirer ce choix, il faut le placer dans la colonne \u00abCacher ces horaires\u00bb.<\/p>\n\n\n\n<p>Ne pas oublier de sauvegarder vos choix.<\/p>\n\n\n\n<p>Si vous d\u00e9sirez retourner vers les choix par d\u00e9faut du syst\u00e8me, vous devez simplement cliquer sur le bouton \u00abEffacer toutes personnalisations\u00bb.<\/p>\n\n\n\n<p class=\"has-text-align-right\">(<em>derni\u00e8re M\u00c0J 24 mars 202<\/em>1)<br><\/p>\n","protected":false},"excerpt":{"rendered":"<p>La visualisation de l&#8217;horaire VetView peut \u00eatre compl\u00e8tement personnalis\u00e9e selon vos besoins. Dans les diverses formations sur l&#8217;horaire, la pr\u00e9sentation par d\u00e9faut est utilis\u00e9e. Cette le\u00e7on vous explique l&#8217;ensemble des personnalisations possibles sur cet \u00e9cran. Afin de pouvoir utiliser cette le\u00e7on, vous devez tr\u00e8s bien comprendre pr\u00e9alablement le fonctionnement global de l&#8217;horaire. Gestion de l&#8217;espace [&hellip;]<\/p>\n","protected":false},"author":3,"featured_media":0,"comment_status":"closed","ping_status":"closed","sticky":false,"template":"","format":"standard","meta":{"footnotes":""},"categories":[118,110,112,113,114,115,116,117,1,93,90],"tags":[145],"class_list":["post-1095","post","type-post","status-publish","format-standard","hentry","category-contenu-bonus-dmv","category-contenu-bonus-medecine-refuge","category-contenu-bonus-radiologue","category-contenu-bonus-refuge-pet-mammiferes","category-contenu-bonus-secretariat","category-contenu-bonus-stagiares-etudiants","category-contenu-bonus-tim","category-contenu-bonus-tsa","category-faq","category-faq-horaire","category-index","tag-reviewed"],"_links":{"self":[{"href":"https:\/\/chuv.umontreal.ca\/intranet\/ti\/wp-json\/wp\/v2\/posts\/1095","targetHints":{"allow":["GET"]}}],"collection":[{"href":"https:\/\/chuv.umontreal.ca\/intranet\/ti\/wp-json\/wp\/v2\/posts"}],"about":[{"href":"https:\/\/chuv.umontreal.ca\/intranet\/ti\/wp-json\/wp\/v2\/types\/post"}],"author":[{"embeddable":true,"href":"https:\/\/chuv.umontreal.ca\/intranet\/ti\/wp-json\/wp\/v2\/users\/3"}],"replies":[{"embeddable":true,"href":"https:\/\/chuv.umontreal.ca\/intranet\/ti\/wp-json\/wp\/v2\/comments?post=1095"}],"version-history":[{"count":13,"href":"https:\/\/chuv.umontreal.ca\/intranet\/ti\/wp-json\/wp\/v2\/posts\/1095\/revisions"}],"predecessor-version":[{"id":4128,"href":"https:\/\/chuv.umontreal.ca\/intranet\/ti\/wp-json\/wp\/v2\/posts\/1095\/revisions\/4128"}],"wp:attachment":[{"href":"https:\/\/chuv.umontreal.ca\/intranet\/ti\/wp-json\/wp\/v2\/media?parent=1095"}],"wp:term":[{"taxonomy":"category","embeddable":true,"href":"https:\/\/chuv.umontreal.ca\/intranet\/ti\/wp-json\/wp\/v2\/categories?post=1095"},{"taxonomy":"post_tag","embeddable":true,"href":"https:\/\/chuv.umontreal.ca\/intranet\/ti\/wp-json\/wp\/v2\/tags?post=1095"}],"curies":[{"name":"wp","href":"https:\/\/api.w.org\/{rel}","templated":true}]}}