{"id":2197,"date":"2020-12-06T13:11:14","date_gmt":"2020-12-06T18:11:14","guid":{"rendered":"https:\/\/chuv.umontreal.ca\/intranet\/ti\/?p=2197"},"modified":"2021-06-03T13:35:33","modified_gmt":"2021-06-03T18:35:33","slug":"entrees-au-dossier-medical-gestion-des-lettres-de-conges","status":"publish","type":"post","link":"https:\/\/chuv.umontreal.ca\/intranet\/ti\/entrees-au-dossier-medical-gestion-des-lettres-de-conges\/","title":{"rendered":"Ecriture dans le dossier m\u00e9dical &#038; gestion des lettres de cong\u00e9s (03-06-2021)"},"content":{"rendered":"\n<p>Le dossier m\u00e9dical est organis\u00e9 par groupes.  Lors d&#8217;un ajout d&#8217;un document, d&#8217;une requ\u00eate ou d&#8217;un autre \u00e9l\u00e9ment du dossier m\u00e9dical, le syst\u00e8me l&#8217;inscrit dans la bonne section du dossier m\u00e9dical en ordre descendant (la date la plus r\u00e9cente en haut de la section).<\/p>\n\n\n\n<h4 class=\"wp-block-heading\"><strong>Entr\u00e9es au dossier m\u00e9dical<\/strong><\/h4>\n\n\n\n<p>1 &#8211; Ajouter un document\/requ\u00eate dans le dossier du patient.  Voir <a href=\"https:\/\/chuv.umontreal.ca\/intranet\/ti\/ajouter-une-requete-un-document-dans-le-dossier-patient\/\" data-type=\"post\" data-id=\"1501\">cette le\u00e7on<\/a> pour plus d&#8217;information sur les ajouts dans le dossier patient.<\/p>\n\n\n\n<p>2 &#8211; Cliquer sur le crayon \u00e0 c\u00f4t\u00e9 du nom du document, ou du champ o\u00f9 vous d\u00e9sirez \u00e9crire ou d\u00e9sirez modifier, pour le mettre en mode d&#8217;\u00e9dition pour l&#8217;ensemble des questions et boites de textes associ\u00e9es avec le document\/requ\u00eate.<\/p>\n\n\n\n<figure class=\"wp-block-image size-large\"><img loading=\"lazy\" decoding=\"async\" width=\"700\" height=\"70\" src=\"https:\/\/chuv.umontreal.ca\/intranet\/ti\/wp-content\/uploads\/sites\/6\/2020\/12\/ModeEditionDEM-700x70.png\" alt=\"\" class=\"wp-image-2399\" srcset=\"https:\/\/chuv.umontreal.ca\/intranet\/ti\/wp-content\/uploads\/sites\/6\/2020\/12\/ModeEditionDEM-700x70.png 700w, https:\/\/chuv.umontreal.ca\/intranet\/ti\/wp-content\/uploads\/sites\/6\/2020\/12\/ModeEditionDEM-300x30.png 300w, https:\/\/chuv.umontreal.ca\/intranet\/ti\/wp-content\/uploads\/sites\/6\/2020\/12\/ModeEditionDEM-768x77.png 768w, https:\/\/chuv.umontreal.ca\/intranet\/ti\/wp-content\/uploads\/sites\/6\/2020\/12\/ModeEditionDEM-1536x153.png 1536w, https:\/\/chuv.umontreal.ca\/intranet\/ti\/wp-content\/uploads\/sites\/6\/2020\/12\/ModeEditionDEM.png 1942w\" sizes=\"auto, (max-width: 700px) 100vw, 700px\" \/><\/figure>\n\n\n\n<p>Vous pouvez \u00e9galement cliquer sur le crayon \u00e0 c\u00f4t\u00e9 de la question\/boite si vous ne voulez pas ouvrir l&#8217;ensemble de toutes les boites.<\/p>\n\n\n\n<p>N. B. Si vous ne voyez pas le crayon pour un document et qu&#8217;il est toujours dans un statut ouvert (\u00e0 titre d&#8217;exemple:  En traitement, En cours, Pr\u00e9liminaire&#8230;), c&#8217;est que vous n&#8217;avez pas l&#8217;acc\u00e8s n\u00e9cessaire pour \u00e9crire dans le document\/la requ\u00eate.  SVP <a href=\"https:\/\/chuv.umontreal.ca\/intranet\/ti\/demande-techno-chuv\/\" data-type=\"post\" data-id=\"136\">contacter l&#8217;\u00e9quipe Techno-CHUV<\/a> en y incluant la # patient, la date de la visite et le nom du document\/requ\u00eate.<\/p>\n\n\n\n<p>3 &#8211; Vous pouvez utiliser les options suivantes pour faciliter le remplissage de vos dossiers, si cela s&#8217;applique:<\/p>\n\n\n\n<figure class=\"wp-block-image size-large\"><img loading=\"lazy\" decoding=\"async\" width=\"700\" height=\"79\" src=\"https:\/\/chuv.umontreal.ca\/intranet\/ti\/wp-content\/uploads\/sites\/6\/2020\/12\/autoEntrerOptionsDEM-700x79.png\" alt=\"\" class=\"wp-image-2422\" srcset=\"https:\/\/chuv.umontreal.ca\/intranet\/ti\/wp-content\/uploads\/sites\/6\/2020\/12\/autoEntrerOptionsDEM-700x79.png 700w, https:\/\/chuv.umontreal.ca\/intranet\/ti\/wp-content\/uploads\/sites\/6\/2020\/12\/autoEntrerOptionsDEM-300x34.png 300w, https:\/\/chuv.umontreal.ca\/intranet\/ti\/wp-content\/uploads\/sites\/6\/2020\/12\/autoEntrerOptionsDEM-768x86.png 768w, https:\/\/chuv.umontreal.ca\/intranet\/ti\/wp-content\/uploads\/sites\/6\/2020\/12\/autoEntrerOptionsDEM-1536x172.png 1536w, https:\/\/chuv.umontreal.ca\/intranet\/ti\/wp-content\/uploads\/sites\/6\/2020\/12\/autoEntrerOptionsDEM.png 1658w\" sizes=\"auto, (max-width: 700px) 100vw, 700px\" \/><\/figure>\n\n\n\n<ul class=\"wp-block-list\"><li>a &#8211; Cliquer ce bouton pour acc\u00e9der \u00e0 des mod\u00e8les de r\u00e9ponses associ\u00e9s avec la question\/boite.  Voir <a href=\"https:\/\/chuv.umontreal.ca\/intranet\/ti\/gestion-des-modeles-personnalises-dans-le-dossier-medical\/\" data-type=\"post\" data-id=\"603\">cette le\u00e7on<\/a> pour plus d&#8217;information.<\/li><li>b &#8211; Importer dans la boite des r\u00e9ponses (texte) d\u00e9j\u00e0 inscrites dans d&#8217;autres sections de questions\/rapports .  Par exemple, vous pouvez ins\u00e9rer le texte du rapport d&#8217;imagerie dans vos cong\u00e9s.  Une fois que le texte est ins\u00e9r\u00e9, vous pouvez le modifier selon vos besoins par la suite.<\/li><\/ul>\n\n\n\n<p>4 &#8211; Cliquer sur le crochet vert pour sauvegarder et fermer le mode d&#8217;\u00e9dition.<\/p>\n\n\n\n<figure class=\"wp-block-image size-large\"><img loading=\"lazy\" decoding=\"async\" width=\"700\" height=\"331\" src=\"https:\/\/chuv.umontreal.ca\/intranet\/ti\/wp-content\/uploads\/sites\/6\/2020\/12\/SauvegarderDEM-700x331.png\" alt=\"\" class=\"wp-image-2403\" srcset=\"https:\/\/chuv.umontreal.ca\/intranet\/ti\/wp-content\/uploads\/sites\/6\/2020\/12\/SauvegarderDEM-700x331.png 700w, https:\/\/chuv.umontreal.ca\/intranet\/ti\/wp-content\/uploads\/sites\/6\/2020\/12\/SauvegarderDEM-300x142.png 300w, https:\/\/chuv.umontreal.ca\/intranet\/ti\/wp-content\/uploads\/sites\/6\/2020\/12\/SauvegarderDEM-768x363.png 768w, https:\/\/chuv.umontreal.ca\/intranet\/ti\/wp-content\/uploads\/sites\/6\/2020\/12\/SauvegarderDEM-1536x727.png 1536w, https:\/\/chuv.umontreal.ca\/intranet\/ti\/wp-content\/uploads\/sites\/6\/2020\/12\/SauvegarderDEM.png 1856w\" sizes=\"auto, (max-width: 700px) 100vw, 700px\" \/><\/figure>\n\n\n\n<p>Ne pas oublier que vous pouvez avoir plus d&#8217;une question\/boite d&#8217;associ\u00e9e avec un document\/requ\u00eate.<\/p>\n\n\n\n<figure class=\"wp-block-image size-large\"><img loading=\"lazy\" decoding=\"async\" width=\"700\" height=\"549\" src=\"https:\/\/chuv.umontreal.ca\/intranet\/ti\/wp-content\/uploads\/sites\/6\/2020\/12\/DEM-questions-multiples-700x549.png\" alt=\"\" class=\"wp-image-2410\" srcset=\"https:\/\/chuv.umontreal.ca\/intranet\/ti\/wp-content\/uploads\/sites\/6\/2020\/12\/DEM-questions-multiples-700x549.png 700w, https:\/\/chuv.umontreal.ca\/intranet\/ti\/wp-content\/uploads\/sites\/6\/2020\/12\/DEM-questions-multiples-300x235.png 300w, https:\/\/chuv.umontreal.ca\/intranet\/ti\/wp-content\/uploads\/sites\/6\/2020\/12\/DEM-questions-multiples-768x602.png 768w, https:\/\/chuv.umontreal.ca\/intranet\/ti\/wp-content\/uploads\/sites\/6\/2020\/12\/DEM-questions-multiples-1536x1205.png 1536w, https:\/\/chuv.umontreal.ca\/intranet\/ti\/wp-content\/uploads\/sites\/6\/2020\/12\/DEM-questions-multiples.png 1892w\" sizes=\"auto, (max-width: 700px) 100vw, 700px\" \/><\/figure>\n\n\n\n<p>Vous pouvez \u00e9galement avoir plusieurs types de r\u00e9ponses possibles.  Par exmple:<\/p>\n\n\n\n<ul class=\"wp-block-list\"><li>Texte enrichi (vous pouvez y faire du formatage de texte)<\/li><li>Texte normal (sans pouvoir formater le texte)<\/li><li>Choix pr\u00e9d\u00e9fini<\/li><li>Questions d&#8217;examen physique <\/li><li>Etc.<\/li><\/ul>\n\n\n\n<p>Si vous \u00eates responsable de votre service et d\u00e9sirez faire faire des modifications \u00e0 vos documents\/requ\u00eates, SVP <a href=\"https:\/\/chuv.umontreal.ca\/intranet\/ti\/demande-techno-chuv\/\" data-type=\"post\" data-id=\"136\">contacter l&#8217;\u00e9quipe Techno-CHUV<\/a> pour discuter de l&#8217;ensemble des possibilit\u00e9s.<\/p>\n\n\n\n<h4 class=\"wp-block-heading\"><strong>Gestion lettres de cong\u00e9<\/strong><\/h4>\n\n\n\n<p>Les lettres de cong\u00e9 sont techniquement un peu diff\u00e9rente des autres documents.  <\/p>\n\n\n\n<ol class=\"wp-block-list\"><li>Vous y noterez le mot \u00ab\u00c9BAUCHE\u00bb en arri\u00e8re plan des versions imprimables.  Afin d&#8217;enlever le mot \u00c9BAUCHE, vous devez: <ul><li>V\u00e9rifier le document.  Voir <a href=\"https:\/\/chuv.umontreal.ca\/intranet\/ti\/verification-du-dossier-medical\/\" data-type=\"post\" data-id=\"1902\">cette le\u00e7on<\/a> pour plus d&#8217;information sur la validation des documents\/requ\u00eates.<\/li><\/ul><\/li><li>Lorsque les envois automatis\u00e9s seront possibles dans le syst\u00e8me, la version client sera envoy\u00e9e \u00e0 l&#8217;adresse du propri\u00e9taire et la version v\u00e9t\u00e9rinaire sera envoy\u00e9e \u00e0 l&#8217;adresse du v\u00e9t\u00e9rinaire ou de la clinique r\u00e9f\u00e9rante.  Vous serez avis\u00e9 lorsque les envois automatis\u00e9s seront disponibles dans le syst\u00e8me.<\/li><\/ol>\n\n\n\n<p>Ne pas oublier de retourner dans le dossier patient quand l&#8217;animal sera r\u00e9ellement sorti du CHUV et changer le statut vers Sorti et ajouter la bonne date de cong\u00e9.   Voir <a href=\"https:\/\/chuv.umontreal.ca\/intranet\/ti\/changer-le-statut-pour-une-visite-en-cours\/#sorti\">cette le\u00e7on<\/a> pour les instructions.<\/p>\n\n\n\n<p class=\"has-text-align-right\">(<em>derni\u00e8re maj 3 juin 2021<\/em>)<\/p>\n","protected":false},"excerpt":{"rendered":"<p>Le dossier m\u00e9dical est organis\u00e9 par groupes. Lors d&#8217;un ajout d&#8217;un document, d&#8217;une requ\u00eate ou d&#8217;un autre \u00e9l\u00e9ment du dossier m\u00e9dical, le syst\u00e8me l&#8217;inscrit dans la bonne section du dossier m\u00e9dical en ordre descendant (la date la plus r\u00e9cente en haut de la section). Entr\u00e9es au dossier m\u00e9dical 1 &#8211; Ajouter un document\/requ\u00eate dans le [&hellip;]<\/p>\n","protected":false},"author":3,"featured_media":0,"comment_status":"closed","ping_status":"closed","sticky":false,"template":"","format":"standard","meta":{"footnotes":""},"categories":[71,44,56,24,90,7,4,6],"tags":[],"class_list":["post-2197","post","type-post","status-publish","format-standard","hentry","category-archives","category-dossier-medical-dmv","category-dossier-medical-stagiaire-etudiant","category-dossier-medical-tsa","category-index","category-stagiaires-etudiants","category-tsa-tim","category-veterinaire-resident-interne"],"_links":{"self":[{"href":"https:\/\/chuv.umontreal.ca\/intranet\/ti\/wp-json\/wp\/v2\/posts\/2197","targetHints":{"allow":["GET"]}}],"collection":[{"href":"https:\/\/chuv.umontreal.ca\/intranet\/ti\/wp-json\/wp\/v2\/posts"}],"about":[{"href":"https:\/\/chuv.umontreal.ca\/intranet\/ti\/wp-json\/wp\/v2\/types\/post"}],"author":[{"embeddable":true,"href":"https:\/\/chuv.umontreal.ca\/intranet\/ti\/wp-json\/wp\/v2\/users\/3"}],"replies":[{"embeddable":true,"href":"https:\/\/chuv.umontreal.ca\/intranet\/ti\/wp-json\/wp\/v2\/comments?post=2197"}],"version-history":[{"count":27,"href":"https:\/\/chuv.umontreal.ca\/intranet\/ti\/wp-json\/wp\/v2\/posts\/2197\/revisions"}],"predecessor-version":[{"id":4453,"href":"https:\/\/chuv.umontreal.ca\/intranet\/ti\/wp-json\/wp\/v2\/posts\/2197\/revisions\/4453"}],"wp:attachment":[{"href":"https:\/\/chuv.umontreal.ca\/intranet\/ti\/wp-json\/wp\/v2\/media?parent=2197"}],"wp:term":[{"taxonomy":"category","embeddable":true,"href":"https:\/\/chuv.umontreal.ca\/intranet\/ti\/wp-json\/wp\/v2\/categories?post=2197"},{"taxonomy":"post_tag","embeddable":true,"href":"https:\/\/chuv.umontreal.ca\/intranet\/ti\/wp-json\/wp\/v2\/tags?post=2197"}],"curies":[{"name":"wp","href":"https:\/\/api.w.org\/{rel}","templated":true}]}}