{"id":4217,"date":"2021-05-05T13:57:36","date_gmt":"2021-05-05T18:57:36","guid":{"rendered":"https:\/\/chuv.umontreal.ca\/intranet\/ti\/?p=4217"},"modified":"2024-01-31T17:20:27","modified_gmt":"2024-01-31T21:20:27","slug":"visualiser-et-traiter-des-avis-de-fermeture-dune-facture-hac","status":"publish","type":"post","link":"https:\/\/chuv.umontreal.ca\/intranet\/ti\/visualiser-et-traiter-des-avis-de-fermeture-dune-facture-hac\/","title":{"rendered":"Visualiser et traiter des avis de fermeture d&#8217;une facture HAC (31-01-2024)"},"content":{"rendered":"\n<p>Veuillez vous r\u00e9f\u00e9rer \u00e0  <a href=\"https:\/\/chuv.umontreal.ca\/intranet\/ti\/communiquer-que-la-facture-est-prete-a-etre-fermee\/\" data-type=\"post\" data-id=\"1420\">cette le\u00e7on<\/a> pour la marche \u00e0 suivre pour la <em>soumission d&#8217;un rappel interne<\/em>.<\/p>\n\n\n\n<p><\/p>\n\n\n\n<p class=\"has-vivid-red-color has-text-color\"><mark style=\"background-color:#ffffff\" class=\"has-inline-color has-black-color\">L&#8217;avis qu&#8217;une facture est pr\u00eate \u00e0 \u00eatre ferm\u00e9e est soumis <strong><em>via un rappel interne<\/em><\/strong> pour les patients trait\u00e9s \u00e0 l&#8217;H\u00f4pital des animaux de compagnie (HAC). <\/mark><mark class=\"has-inline-color has-white-color\"> <\/mark><\/p>\n\n\n\n<p>1) Pour visualiser une liste de toutes les demandes (rappels) soumises pour la fermeture de facture, vous pouvez :<\/p>\n\n\n\n<p>1.1) Soit ouvrir l&#8217;\u00e9cran \u00abListe des rappels\u00bb via l&#8217;ic\u00f4ne &#8220;Navigation&#8221;<\/p>\n\n\n\n<figure class=\"wp-block-image size-full\"><img loading=\"lazy\" decoding=\"async\" width=\"111\" height=\"63\" src=\"https:\/\/chuv.umontreal.ca\/intranet\/ti\/wp-content\/uploads\/sites\/6\/2024\/01\/screenshot-2024-01-31-at-13-02-43-vetview-request-1643481-gestion-de-fin-de-la-visite-avec-rabais-heq-medecine-vetview-requetes.png\" alt=\"\" class=\"wp-image-7650\" \/><\/figure>\n\n\n\n<figure class=\"wp-block-image size-large\"><img loading=\"lazy\" decoding=\"async\" width=\"700\" height=\"430\" src=\"https:\/\/chuv.umontreal.ca\/intranet\/ti\/wp-content\/uploads\/sites\/6\/2024\/01\/screenshot-2024-01-31-at-13-03-41-vetview-request-1643481-gestion-de-fin-de-la-visite-avec-rabais-heq-medecine-vetview-requetes-700x430.png\" alt=\"\" class=\"wp-image-7651\" srcset=\"https:\/\/chuv.umontreal.ca\/intranet\/ti\/wp-content\/uploads\/sites\/6\/2024\/01\/screenshot-2024-01-31-at-13-03-41-vetview-request-1643481-gestion-de-fin-de-la-visite-avec-rabais-heq-medecine-vetview-requetes-700x430.png 700w, https:\/\/chuv.umontreal.ca\/intranet\/ti\/wp-content\/uploads\/sites\/6\/2024\/01\/screenshot-2024-01-31-at-13-03-41-vetview-request-1643481-gestion-de-fin-de-la-visite-avec-rabais-heq-medecine-vetview-requetes-300x184.png 300w, https:\/\/chuv.umontreal.ca\/intranet\/ti\/wp-content\/uploads\/sites\/6\/2024\/01\/screenshot-2024-01-31-at-13-03-41-vetview-request-1643481-gestion-de-fin-de-la-visite-avec-rabais-heq-medecine-vetview-requetes-768x472.png 768w, https:\/\/chuv.umontreal.ca\/intranet\/ti\/wp-content\/uploads\/sites\/6\/2024\/01\/screenshot-2024-01-31-at-13-03-41-vetview-request-1643481-gestion-de-fin-de-la-visite-avec-rabais-heq-medecine-vetview-requetes.png 1138w\" sizes=\"auto, (max-width: 700px) 100vw, 700px\" \/><\/figure>\n\n\n\n<p>1.2) Soit en faisant l&#8217;ajout du <em>&#8220;panneau&#8221;<\/em> <strong>(a)<\/strong> de <em>&#8220;rappels patient&#8221;<\/em> <strong>(b)<\/strong> \u00e0 votre \u00e9cran d&#8217;accueil Vetview<\/p>\n\n\n\n<figure class=\"wp-block-image size-large\"><img loading=\"lazy\" decoding=\"async\" width=\"700\" height=\"280\" src=\"https:\/\/chuv.umontreal.ca\/intranet\/ti\/wp-content\/uploads\/sites\/6\/2024\/01\/capture-decran-2024-01-31-130721-1-700x280.png\" alt=\"\" class=\"wp-image-7653\" srcset=\"https:\/\/chuv.umontreal.ca\/intranet\/ti\/wp-content\/uploads\/sites\/6\/2024\/01\/capture-decran-2024-01-31-130721-1-700x280.png 700w, https:\/\/chuv.umontreal.ca\/intranet\/ti\/wp-content\/uploads\/sites\/6\/2024\/01\/capture-decran-2024-01-31-130721-1-300x120.png 300w, https:\/\/chuv.umontreal.ca\/intranet\/ti\/wp-content\/uploads\/sites\/6\/2024\/01\/capture-decran-2024-01-31-130721-1-768x307.png 768w, https:\/\/chuv.umontreal.ca\/intranet\/ti\/wp-content\/uploads\/sites\/6\/2024\/01\/capture-decran-2024-01-31-130721-1-1140x456.png 1140w, https:\/\/chuv.umontreal.ca\/intranet\/ti\/wp-content\/uploads\/sites\/6\/2024\/01\/capture-decran-2024-01-31-130721-1-570x228.png 570w, https:\/\/chuv.umontreal.ca\/intranet\/ti\/wp-content\/uploads\/sites\/6\/2024\/01\/capture-decran-2024-01-31-130721-1-380x152.png 380w, https:\/\/chuv.umontreal.ca\/intranet\/ti\/wp-content\/uploads\/sites\/6\/2024\/01\/capture-decran-2024-01-31-130721-1-285x114.png 285w, https:\/\/chuv.umontreal.ca\/intranet\/ti\/wp-content\/uploads\/sites\/6\/2024\/01\/capture-decran-2024-01-31-130721-1.png 1393w\" sizes=\"auto, (max-width: 700px) 100vw, 700px\" \/><\/figure>\n\n\n\n<figure class=\"wp-block-image size-large\"><img loading=\"lazy\" decoding=\"async\" width=\"700\" height=\"226\" src=\"https:\/\/chuv.umontreal.ca\/intranet\/ti\/wp-content\/uploads\/sites\/6\/2024\/01\/capture-decran-2024-01-31-131047-700x226.png\" alt=\"\" class=\"wp-image-7654\" srcset=\"https:\/\/chuv.umontreal.ca\/intranet\/ti\/wp-content\/uploads\/sites\/6\/2024\/01\/capture-decran-2024-01-31-131047-700x226.png 700w, https:\/\/chuv.umontreal.ca\/intranet\/ti\/wp-content\/uploads\/sites\/6\/2024\/01\/capture-decran-2024-01-31-131047-300x97.png 300w, https:\/\/chuv.umontreal.ca\/intranet\/ti\/wp-content\/uploads\/sites\/6\/2024\/01\/capture-decran-2024-01-31-131047-768x248.png 768w, https:\/\/chuv.umontreal.ca\/intranet\/ti\/wp-content\/uploads\/sites\/6\/2024\/01\/capture-decran-2024-01-31-131047.png 1035w\" sizes=\"auto, (max-width: 700px) 100vw, 700px\" \/><\/figure>\n\n\n\n<p>Appuyer sur l<strong>&#8216;ic\u00f4ne <\/strong>de &#8220;<em>roue d&#8217;engrenage<\/em>&#8220;<strong> (c) <\/strong>puis  s\u00e9lectionner le <strong>type de rappel<\/strong> &#8220;<em>Facture \u00e0 fermer<\/em>&#8220;<strong>(d) <\/strong>puis &#8220;<em>sauvegarder<\/em>&#8221; <strong>(e)<\/strong> votre choix<\/p>\n\n\n\n<p>1.3) Il est \u00e9galement possible d&#8217;acc\u00e9der INDIVIDUELLEMENT au rappel d&#8217;un patient par son <strong>dossier m\u00e9dical<\/strong> &#8211;  Voir <a href=\"https:\/\/chuv.umontreal.ca\/intranet\/ti\/gestion-des-rappels\/#traiterRappelEcranPatient\">cette le\u00e7on<\/a> pour plus d&#8217;information.<\/p>\n\n\n\n<figure class=\"wp-block-image size-large\"><img loading=\"lazy\" decoding=\"async\" width=\"700\" height=\"210\" src=\"https:\/\/chuv.umontreal.ca\/intranet\/ti\/wp-content\/uploads\/sites\/6\/2024\/01\/screenshot-2024-01-31-at-13-18-57-vetview-60467-matty-shat-dossier-patient-700x210.png\" alt=\"\" class=\"wp-image-7657\" srcset=\"https:\/\/chuv.umontreal.ca\/intranet\/ti\/wp-content\/uploads\/sites\/6\/2024\/01\/screenshot-2024-01-31-at-13-18-57-vetview-60467-matty-shat-dossier-patient-700x210.png 700w, https:\/\/chuv.umontreal.ca\/intranet\/ti\/wp-content\/uploads\/sites\/6\/2024\/01\/screenshot-2024-01-31-at-13-18-57-vetview-60467-matty-shat-dossier-patient-300x90.png 300w, https:\/\/chuv.umontreal.ca\/intranet\/ti\/wp-content\/uploads\/sites\/6\/2024\/01\/screenshot-2024-01-31-at-13-18-57-vetview-60467-matty-shat-dossier-patient-768x231.png 768w, https:\/\/chuv.umontreal.ca\/intranet\/ti\/wp-content\/uploads\/sites\/6\/2024\/01\/screenshot-2024-01-31-at-13-18-57-vetview-60467-matty-shat-dossier-patient.png 1410w\" sizes=\"auto, (max-width: 700px) 100vw, 700px\" \/><\/figure>\n\n\n\n<p>2) Pour voir l&#8217;ensemble des cas en attente de fermeture de la facture, il faut inscrire les crit\u00e8res appropri\u00e9s pour votre recherche :<\/p>\n\n\n\n<p>a) <strong>Type de rappel :<\/strong> <em>&#8220;Facture \u00e0 fermer&#8221;<\/em><\/p>\n\n\n\n<p>b) <strong>Type: <\/strong><em>&#8220;N&#8217;imorte quel&#8221;<\/em><\/p>\n\n\n\n<p>c) <strong>Statut:<\/strong> S\u00e9lectionner <em>&#8220;Incomplet&#8221;<\/em>, <em>&#8220;Suivi&#8221;<\/em>, <em>&#8220;RV pris&#8221;<\/em><\/p>\n\n\n\n<p>d) <strong>Recherche :<\/strong> Afficher la liste des rappels correspondant aux crit\u00e8res s\u00e9lectionn\u00e9s<\/p>\n\n\n\n<p>e) Le bouton <strong>\u00abD\u00e9finir recherche par d\u00e9faut\u00bb<\/strong> permet une sauveguarde des crit\u00e8res s\u00e9lectionn\u00e9s<\/p>\n\n\n\n<figure class=\"wp-block-image size-large\"><img loading=\"lazy\" decoding=\"async\" width=\"700\" height=\"98\" src=\"https:\/\/chuv.umontreal.ca\/intranet\/ti\/wp-content\/uploads\/sites\/6\/2024\/01\/screenshot-2024-01-31-at-14-59-14-liste-des-rappels-1-700x98.png\" alt=\"\" class=\"wp-image-7664\" srcset=\"https:\/\/chuv.umontreal.ca\/intranet\/ti\/wp-content\/uploads\/sites\/6\/2024\/01\/screenshot-2024-01-31-at-14-59-14-liste-des-rappels-1-700x98.png 700w, https:\/\/chuv.umontreal.ca\/intranet\/ti\/wp-content\/uploads\/sites\/6\/2024\/01\/screenshot-2024-01-31-at-14-59-14-liste-des-rappels-1-300x42.png 300w, https:\/\/chuv.umontreal.ca\/intranet\/ti\/wp-content\/uploads\/sites\/6\/2024\/01\/screenshot-2024-01-31-at-14-59-14-liste-des-rappels-1-768x108.png 768w, https:\/\/chuv.umontreal.ca\/intranet\/ti\/wp-content\/uploads\/sites\/6\/2024\/01\/screenshot-2024-01-31-at-14-59-14-liste-des-rappels-1-1536x216.png 1536w, https:\/\/chuv.umontreal.ca\/intranet\/ti\/wp-content\/uploads\/sites\/6\/2024\/01\/screenshot-2024-01-31-at-14-59-14-liste-des-rappels-1.png 1553w\" sizes=\"auto, (max-width: 700px) 100vw, 700px\" \/><\/figure>\n\n\n\n<p><\/p>\n\n\n\n<p>Voir <a href=\"https:\/\/chuv.umontreal.ca\/intranet\/ti\/gestion-des-rappels\/#chercherRappels\" data-type=\"post\">cette le\u00e7on<\/a> pour plus d&#8217;information sur<em> les possibilit\u00e9s de recherche sur cet \u00e9cran<\/em>.<\/p>\n\n\n\n<p>3) Vous pouvez maintenant <strong>traiter vos rappels\u00a0<\/strong><\/p>\n\n\n\n<p>a \u2013&nbsp;<strong><em>un \u00e0 la fois<\/em><\/strong>: Cliquer sur le crayon \u00e0 la droite de la ligne du rappel et suivre les instructions dans la section&nbsp;<strong><em>Onglet Info de la visite<\/em><\/strong>&nbsp;en haut.&nbsp;<\/p>\n\n\n\n<figure class=\"wp-block-image size-large\"><img loading=\"lazy\" decoding=\"async\" width=\"700\" height=\"247\" src=\"https:\/\/chuv.umontreal.ca\/intranet\/ti\/wp-content\/uploads\/sites\/6\/2024\/01\/capture-decran-2024-01-31-151003-700x247.png\" alt=\"\" class=\"wp-image-7668\" srcset=\"https:\/\/chuv.umontreal.ca\/intranet\/ti\/wp-content\/uploads\/sites\/6\/2024\/01\/capture-decran-2024-01-31-151003-700x247.png 700w, https:\/\/chuv.umontreal.ca\/intranet\/ti\/wp-content\/uploads\/sites\/6\/2024\/01\/capture-decran-2024-01-31-151003-300x106.png 300w, https:\/\/chuv.umontreal.ca\/intranet\/ti\/wp-content\/uploads\/sites\/6\/2024\/01\/capture-decran-2024-01-31-151003-768x271.png 768w, https:\/\/chuv.umontreal.ca\/intranet\/ti\/wp-content\/uploads\/sites\/6\/2024\/01\/capture-decran-2024-01-31-151003.png 880w\" sizes=\"auto, (max-width: 700px) 100vw, 700px\" \/><\/figure>\n\n\n\n<figure class=\"wp-block-image size-large\"><img loading=\"lazy\" decoding=\"async\" width=\"700\" height=\"429\" src=\"https:\/\/chuv.umontreal.ca\/intranet\/ti\/wp-content\/uploads\/sites\/6\/2024\/01\/capture-decran-2024-01-31-151345-1-700x429.png\" alt=\"\" class=\"wp-image-7672\" srcset=\"https:\/\/chuv.umontreal.ca\/intranet\/ti\/wp-content\/uploads\/sites\/6\/2024\/01\/capture-decran-2024-01-31-151345-1-700x429.png 700w, https:\/\/chuv.umontreal.ca\/intranet\/ti\/wp-content\/uploads\/sites\/6\/2024\/01\/capture-decran-2024-01-31-151345-1-300x184.png 300w, https:\/\/chuv.umontreal.ca\/intranet\/ti\/wp-content\/uploads\/sites\/6\/2024\/01\/capture-decran-2024-01-31-151345-1-768x471.png 768w, https:\/\/chuv.umontreal.ca\/intranet\/ti\/wp-content\/uploads\/sites\/6\/2024\/01\/capture-decran-2024-01-31-151345-1.png 1105w\" sizes=\"auto, (max-width: 700px) 100vw, 700px\" \/><\/figure>\n\n\n\n<p>a) Lorsque  les d\u00e9tails du rappel ont \u00e9t\u00e9 pris en consid\u00e9ration et celui-ci a \u00e9t\u00e9 trait\u00e9, il faut en modifier le statut pour &#8220;finalis\u00e9&#8221;<\/p>\n\n\n\n<p>b) En cas de n\u00e9cessit\u00e9, une inscription au journal de communication du patient peut \u00eatre faite \u00e0 partir de cet \u00e9cran<\/p>\n\n\n\n<p><strong>Liste de rappel (G\u00e9n\u00e9ralit\u00e9s):<\/strong><\/p>\n\n\n\n<figure class=\"wp-block-image size-large\"><img loading=\"lazy\" decoding=\"async\" width=\"700\" height=\"240\" src=\"https:\/\/chuv.umontreal.ca\/intranet\/ti\/wp-content\/uploads\/sites\/6\/2024\/01\/screenshot-2024-01-31-at-16-13-24-liste-des-rappels-700x240.png\" alt=\"\" class=\"wp-image-7674\" srcset=\"https:\/\/chuv.umontreal.ca\/intranet\/ti\/wp-content\/uploads\/sites\/6\/2024\/01\/screenshot-2024-01-31-at-16-13-24-liste-des-rappels-700x240.png 700w, https:\/\/chuv.umontreal.ca\/intranet\/ti\/wp-content\/uploads\/sites\/6\/2024\/01\/screenshot-2024-01-31-at-16-13-24-liste-des-rappels-300x103.png 300w, https:\/\/chuv.umontreal.ca\/intranet\/ti\/wp-content\/uploads\/sites\/6\/2024\/01\/screenshot-2024-01-31-at-16-13-24-liste-des-rappels-768x263.png 768w, https:\/\/chuv.umontreal.ca\/intranet\/ti\/wp-content\/uploads\/sites\/6\/2024\/01\/screenshot-2024-01-31-at-16-13-24-liste-des-rappels.png 881w\" sizes=\"auto, (max-width: 700px) 100vw, 700px\" \/><\/figure>\n\n\n\n<ul class=\"wp-block-list\">\n<li>B.1) Imprimer les r\u00e9sultats de votre recherche (en format PDF)<\/li>\n\n\n\n<li>B.2) Cette option est disponible uniquement pour les<strong> rappels externes<\/strong>.\u00a0<\/li>\n\n\n\n<li>B.3) Vous pouvez g\u00e9n\u00e9rer un fichier CSV des r\u00e9sultats.\u00a0<\/li>\n\n\n\n<li>B.4) Vous pouvez changer le statut de plusieurs rappels en m\u00eame temps.<\/li>\n\n\n\n<li>Dans l\u2019\u00e9cran qui s\u2019ouvre, choisir <strong>\u00abSelected Reminders\u00bb<\/strong> et <strong>choisir le statut d\u00e9sir\u00e9<\/strong>. <\/li>\n\n\n\n<li>Si cela s\u2019applique, vous pouvez \u00e9galement ajouter une entr\u00e9e dans le journal de communication. Sauvegarder pour effectuer le changement de statut <em>avec ou sans<\/em> une entr\u00e9e dans le journal de communication.<\/li>\n<\/ul>\n\n\n\n<figure class=\"wp-block-image size-full is-resized\"><img loading=\"lazy\" decoding=\"async\" width=\"489\" height=\"458\" src=\"https:\/\/chuv.umontreal.ca\/intranet\/ti\/wp-content\/uploads\/sites\/6\/2024\/01\/screenshot-2024-01-31-at-16-18-11-liste-des-rappels.png\" alt=\"\" class=\"wp-image-7676\" style=\"width:318px;height:286px\" srcset=\"https:\/\/chuv.umontreal.ca\/intranet\/ti\/wp-content\/uploads\/sites\/6\/2024\/01\/screenshot-2024-01-31-at-16-18-11-liste-des-rappels.png 489w, https:\/\/chuv.umontreal.ca\/intranet\/ti\/wp-content\/uploads\/sites\/6\/2024\/01\/screenshot-2024-01-31-at-16-18-11-liste-des-rappels-300x281.png 300w\" sizes=\"auto, (max-width: 489px) 100vw, 489px\" \/><\/figure>\n\n\n\n<p><\/p>\n\n\n\n<p class=\"has-text-align-right\">MAJ 31-01-2024<\/p>\n","protected":false},"excerpt":{"rendered":"<p>Veuillez vous r\u00e9f\u00e9rer \u00e0 cette le\u00e7on pour la marche \u00e0 suivre pour la soumission d&#8217;un rappel interne. L&#8217;avis qu&#8217;une facture est pr\u00eate \u00e0 \u00eatre ferm\u00e9e est soumis via un rappel interne pour les patients trait\u00e9s \u00e0 l&#8217;H\u00f4pital des animaux de compagnie (HAC). 1) Pour visualiser une liste de toutes les demandes (rappels) soumises pour la [&hellip;]<\/p>\n","protected":false},"author":3,"featured_media":0,"comment_status":"closed","ping_status":"closed","sticky":false,"template":"","format":"standard","meta":{"footnotes":""},"categories":[9,28,61,90,5],"tags":[],"class_list":["post-4217","post","type-post","status-publish","format-standard","hentry","category-comptabilite","category-facturation-generale-comptabilite","category-facturation-generale-secretariat","category-index","category-secretariat"],"_links":{"self":[{"href":"https:\/\/chuv.umontreal.ca\/intranet\/ti\/wp-json\/wp\/v2\/posts\/4217","targetHints":{"allow":["GET"]}}],"collection":[{"href":"https:\/\/chuv.umontreal.ca\/intranet\/ti\/wp-json\/wp\/v2\/posts"}],"about":[{"href":"https:\/\/chuv.umontreal.ca\/intranet\/ti\/wp-json\/wp\/v2\/types\/post"}],"author":[{"embeddable":true,"href":"https:\/\/chuv.umontreal.ca\/intranet\/ti\/wp-json\/wp\/v2\/users\/3"}],"replies":[{"embeddable":true,"href":"https:\/\/chuv.umontreal.ca\/intranet\/ti\/wp-json\/wp\/v2\/comments?post=4217"}],"version-history":[{"count":25,"href":"https:\/\/chuv.umontreal.ca\/intranet\/ti\/wp-json\/wp\/v2\/posts\/4217\/revisions"}],"predecessor-version":[{"id":7677,"href":"https:\/\/chuv.umontreal.ca\/intranet\/ti\/wp-json\/wp\/v2\/posts\/4217\/revisions\/7677"}],"wp:attachment":[{"href":"https:\/\/chuv.umontreal.ca\/intranet\/ti\/wp-json\/wp\/v2\/media?parent=4217"}],"wp:term":[{"taxonomy":"category","embeddable":true,"href":"https:\/\/chuv.umontreal.ca\/intranet\/ti\/wp-json\/wp\/v2\/categories?post=4217"},{"taxonomy":"post_tag","embeddable":true,"href":"https:\/\/chuv.umontreal.ca\/intranet\/ti\/wp-json\/wp\/v2\/tags?post=4217"}],"curies":[{"name":"wp","href":"https:\/\/api.w.org\/{rel}","templated":true}]}}