{"id":433,"date":"2020-11-12T14:46:54","date_gmt":"2020-11-12T19:46:54","guid":{"rendered":"https:\/\/chuv.umontreal.ca\/intranet\/ti\/?p=433"},"modified":"2021-06-23T08:21:45","modified_gmt":"2021-06-23T13:21:45","slug":"gestion-horaires-modeles","status":"publish","type":"post","link":"https:\/\/chuv.umontreal.ca\/intranet\/ti\/gestion-horaires-modeles\/","title":{"rendered":"Gestion horaires: Mod\u00e8les (12-11-2020)"},"content":{"rendered":"\n<p>Dans les horaires CHUV, il est possible d&#8217;avoir des plages horaires pr\u00e9-d\u00e9finies par le service de m\u00eame qu&#8217;avoir des plages horaires suppl\u00e9mentaires approuv\u00e9es par le service.  Les plages horaires pr\u00e9d\u00e9finies sont cr\u00e9\u00e9s via des \u00abMod\u00e8les\u00bb.  Cet article explique comment cr\u00e9er, modifier, appliquer et effacer ces mod\u00e8les.<\/p>\n\n\n\n<p><em>La gestion des horaires obligent un acc\u00e8s de haut niveau dans VetView. Si vous avez besoin de faire ouvrir un nouvel horaire ou de faire apporter des changements \u00e0 un horaire existant, et que vous n&#8217;avez pas l&#8217;acc\u00e8s n\u00e9cessaire, vous devez contacter Fabienne Binggeli.<\/em><\/p>\n\n\n\n<p><strong>Cr\u00e9er un nouveau mod\u00e8le<\/strong><\/p>\n\n\n\n<p>Afin de pouvoir cr\u00e9er un nouveau mod\u00e8le, vous devrez cr\u00e9er une journ\u00e9e ou une semaine type (selon votre besoin) dans l&#8217;horaire appropri\u00e9 .  Si vous ne savez pas comment ajouter des plages sur les horaires, voir<a href=\"https:\/\/chuv.umontreal.ca\/intranet\/ti\/horaire-ajouter-des-plages\/\"> cette le\u00e7on<\/a>.  Vous pourrez modifier votre mod\u00e8le en tout temps, donc votre journ\u00e9e type peut \u00eatre partiellement finalis\u00e9e lors de votre sauvegarde et, peut inclure des plages que vous ne voudrez pas dans votre mod\u00e8le.<\/p>\n\n\n\n<p>N.B. Votre mod\u00e8le peut \u00e9galement inclure des plages pour la section \u00abTasks\u00bb, la section \u00abArriv\u00e9 d&#8217;avance\u00bb dans la colonne \u00abTasks, si le service veut pr\u00e9-d\u00e9finir cette t\u00e2che.  Voir <a href=\"https:\/\/chuv.umontreal.ca\/intranet\/ti\/horaire-ajouter-des-plages\/\">cette le\u00e7on<\/a> pour plus d&#8217;information sur les ajouts de plages dans la section \u00abTasks\u00bb.  (voir aussi <a href=\"https:\/\/chuv.umontreal.ca\/intranet\/ti\/horaire-tasks-liste-dattente-et-besoin-r-v\/\">Horaire: \u00abTasks\u00bb, Liste d\u2019attente et Besoin R.V.<\/a> et <a href=\"horaire: %C2%ABTasks%C2%BB, Arriv%C3%A9 d%E2%80%99avance et Ramassages planifi%C3%A9s\">Horaire: \u00abTasks\u00bb, Arriv\u00e9 d\u2019avance et Ramassages planifi\u00e9s<\/a> pour plus d&#8217;information sur le colonne Tasks)<\/p>\n\n\n\n<p>En tant que gestionnaire d&#8217;horaire, vous avez le pouvoir de copier les plages g\u00e9n\u00e9r\u00e9es pour une journ\u00e9e sur plusieurs jours.  Lors de la cr\u00e9ation de votre journ\u00e9e ou semaine type, faire un clique de droit sur la ligne \u00abHoraire en haut de l&#8217;\u00e9cran\u00bb et choisir l&#8217;option \u00abCopier jour\u00bb ou \u00abCopier semaine\u00bb (visible uniquement dans la vue Semaine) et suivre les instructions sur l&#8217;\u00e9cran.<\/p>\n\n\n\n<figure class=\"wp-block-image size-large is-resized\"><img loading=\"lazy\" decoding=\"async\" src=\"https:\/\/chuv.umontreal.ca\/intranet\/ti\/wp-content\/uploads\/sites\/6\/2020\/11\/Screen-Shot-2020-11-12-at-3.18.45-PM.png\" alt=\"\" class=\"wp-image-499\" width=\"290\" height=\"209\" srcset=\"https:\/\/chuv.umontreal.ca\/intranet\/ti\/wp-content\/uploads\/sites\/6\/2020\/11\/Screen-Shot-2020-11-12-at-3.18.45-PM.png 516w, https:\/\/chuv.umontreal.ca\/intranet\/ti\/wp-content\/uploads\/sites\/6\/2020\/11\/Screen-Shot-2020-11-12-at-3.18.45-PM-300x216.png 300w\" sizes=\"auto, (max-width: 290px) 100vw, 290px\" \/><\/figure>\n\n\n\n<p><strong>Sauvegarder un mod\u00e8le<\/strong><\/p>\n\n\n\n<p>1 &#8211; Faire un clique de droit sur la ligne \u00abHoraire\u00bb dans la colonne appropri\u00e9e<\/p>\n\n\n\n<figure class=\"wp-block-image size-large is-resized\"><img loading=\"lazy\" decoding=\"async\" src=\"https:\/\/chuv.umontreal.ca\/intranet\/ti\/wp-content\/uploads\/sites\/6\/2020\/11\/Screen-Shot-2020-11-12-at-3.06.05-PM-700x285.png\" alt=\"\" class=\"wp-image-492\" width=\"419\" height=\"171\" srcset=\"https:\/\/chuv.umontreal.ca\/intranet\/ti\/wp-content\/uploads\/sites\/6\/2020\/11\/Screen-Shot-2020-11-12-at-3.06.05-PM-700x285.png 700w, https:\/\/chuv.umontreal.ca\/intranet\/ti\/wp-content\/uploads\/sites\/6\/2020\/11\/Screen-Shot-2020-11-12-at-3.06.05-PM-300x122.png 300w, https:\/\/chuv.umontreal.ca\/intranet\/ti\/wp-content\/uploads\/sites\/6\/2020\/11\/Screen-Shot-2020-11-12-at-3.06.05-PM-768x313.png 768w, https:\/\/chuv.umontreal.ca\/intranet\/ti\/wp-content\/uploads\/sites\/6\/2020\/11\/Screen-Shot-2020-11-12-at-3.06.05-PM-800x326.png 800w, https:\/\/chuv.umontreal.ca\/intranet\/ti\/wp-content\/uploads\/sites\/6\/2020\/11\/Screen-Shot-2020-11-12-at-3.06.05-PM.png 820w\" sizes=\"auto, (max-width: 419px) 100vw, 419px\" \/><\/figure>\n\n\n\n<p>2 &#8211; Choisir l&#8217;option \u00abSauvegarder mod\u00e8le de la journ\u00e9e\u00bb<\/p>\n\n\n\n<figure class=\"wp-block-image size-large is-resized\"><img loading=\"lazy\" decoding=\"async\" src=\"https:\/\/chuv.umontreal.ca\/intranet\/ti\/wp-content\/uploads\/sites\/6\/2020\/11\/Screen-Shot-2020-11-12-at-3.05.36-PM-700x141.png\" alt=\"\" class=\"wp-image-493\" width=\"574\" height=\"116\" srcset=\"https:\/\/chuv.umontreal.ca\/intranet\/ti\/wp-content\/uploads\/sites\/6\/2020\/11\/Screen-Shot-2020-11-12-at-3.05.36-PM-700x141.png 700w, https:\/\/chuv.umontreal.ca\/intranet\/ti\/wp-content\/uploads\/sites\/6\/2020\/11\/Screen-Shot-2020-11-12-at-3.05.36-PM-300x60.png 300w, https:\/\/chuv.umontreal.ca\/intranet\/ti\/wp-content\/uploads\/sites\/6\/2020\/11\/Screen-Shot-2020-11-12-at-3.05.36-PM-768x155.png 768w, https:\/\/chuv.umontreal.ca\/intranet\/ti\/wp-content\/uploads\/sites\/6\/2020\/11\/Screen-Shot-2020-11-12-at-3.05.36-PM-1536x309.png 1536w, https:\/\/chuv.umontreal.ca\/intranet\/ti\/wp-content\/uploads\/sites\/6\/2020\/11\/Screen-Shot-2020-11-12-at-3.05.36-PM-800x161.png 800w, https:\/\/chuv.umontreal.ca\/intranet\/ti\/wp-content\/uploads\/sites\/6\/2020\/11\/Screen-Shot-2020-11-12-at-3.05.36-PM.png 1906w\" sizes=\"auto, (max-width: 574px) 100vw, 574px\" \/><\/figure>\n\n\n\n<p>N.B. Si vous \u00eates dans la Vue semaine horaire, vous avez aussi l&#8217;option de sauvegarder un mod\u00e8le pour une semaine.<\/p>\n\n\n\n<figure class=\"wp-block-image size-large is-resized\"><img loading=\"lazy\" decoding=\"async\" src=\"https:\/\/chuv.umontreal.ca\/intranet\/ti\/wp-content\/uploads\/sites\/6\/2020\/11\/Screen-Shot-2020-11-12-at-3.18.25-PM.png\" alt=\"\" class=\"wp-image-501\" width=\"277\" height=\"199\" srcset=\"https:\/\/chuv.umontreal.ca\/intranet\/ti\/wp-content\/uploads\/sites\/6\/2020\/11\/Screen-Shot-2020-11-12-at-3.18.25-PM.png 526w, https:\/\/chuv.umontreal.ca\/intranet\/ti\/wp-content\/uploads\/sites\/6\/2020\/11\/Screen-Shot-2020-11-12-at-3.18.25-PM-300x216.png 300w\" sizes=\"auto, (max-width: 277px) 100vw, 277px\" \/><\/figure>\n\n\n\n<p>3 &#8211; Dans la fen\u00eatre qui s&#8217;ouvre inscrire le Nom du mod\u00e8le qui sera disponible lors de l&#8217;application future de ce mod\u00e8le sur un horaire.  La liste pour utiliser un mod\u00e8le est filtrer par le service associ\u00e9, mais pas par les colonnes.  Vous devez donc nommer les mod\u00e8les de fa\u00e7on claire.  <\/p>\n\n\n\n<p>Lors de la sauvegarde d&#8217;un mod\u00e8le, vous pouvez <\/p>\n\n\n\n<ul class=\"wp-block-list\"><li>ajouter une description au besoin<\/li><li>choisir les options qui s&#8217;appliquent pour le mod\u00e8le<ul><li>Plages: gardera toutes les plages sur la journ\u00e9e\/semaine choisie<\/li><li>Comments: gardera les comments en haut de la colonne<\/li><li>Personnel: gardera le personnel en haut de la colonne<\/li><\/ul><\/li><\/ul>\n\n\n\n<figure class=\"wp-block-image size-large is-resized\"><img loading=\"lazy\" decoding=\"async\" src=\"https:\/\/chuv.umontreal.ca\/intranet\/ti\/wp-content\/uploads\/sites\/6\/2020\/11\/09b-horaire-setup-save-as-modele-700x438.png\" alt=\"\" class=\"wp-image-507\" width=\"471\" height=\"295\" srcset=\"https:\/\/chuv.umontreal.ca\/intranet\/ti\/wp-content\/uploads\/sites\/6\/2020\/11\/09b-horaire-setup-save-as-modele-700x438.png 700w, https:\/\/chuv.umontreal.ca\/intranet\/ti\/wp-content\/uploads\/sites\/6\/2020\/11\/09b-horaire-setup-save-as-modele-300x188.png 300w, https:\/\/chuv.umontreal.ca\/intranet\/ti\/wp-content\/uploads\/sites\/6\/2020\/11\/09b-horaire-setup-save-as-modele-768x481.png 768w, https:\/\/chuv.umontreal.ca\/intranet\/ti\/wp-content\/uploads\/sites\/6\/2020\/11\/09b-horaire-setup-save-as-modele-800x501.png 800w, https:\/\/chuv.umontreal.ca\/intranet\/ti\/wp-content\/uploads\/sites\/6\/2020\/11\/09b-horaire-setup-save-as-modele.png 936w\" sizes=\"auto, (max-width: 471px) 100vw, 471px\" \/><\/figure>\n\n\n\n<p>4 &#8211; Cliquer \u00abSave Schedule Temple\u00bb (Sauvegarder le mod\u00e8le) pour rendre ce mod\u00e8le disponible.  Voir la section Modifier un mod\u00e8le existant pour la fa\u00e7on de faire des modifications ou effacer un mod\u00e8le.<\/p>\n\n\n\n<p>N.B.  Vous n&#8217;avez pas encore appliquer le mod\u00e8le pour ces journ\u00e9es, mais les plages, comments et personnel sont maintenant visibles.  Pour \u00e9viter des erreurs dans les rapports administratifs, vous devez imm\u00e9diatement appliquer le mod\u00e8le pour l&#8217;ensemble d&#8217;une p\u00e9riode appropri\u00e9e, incluant le(s) journ\u00e9es utilis\u00e9es pour cr\u00e9er votre mod\u00e8le.<\/p>\n\n\n\n<p><strong>Appliquer un mod\u00e8le<\/strong><\/p>\n\n\n\n<p>L&#8217;application de mod\u00e8les n&#8217;est pas obligatoire si le service n&#8217;utilise pas des plages pr\u00e9-d\u00e9finies.  Une fois que vous avez votre horaire et les colonnes de disponibles vous, de m\u00eame que les services, pouvez commencer \u00e0 utiliser l&#8217;horaire sans plages pr\u00e9-d\u00e9finies en y ajoutant des plages manuellement (voir <a href=\"https:\/\/chuv.umontreal.ca\/intranet\/ti\/horaire-ajouter-des-plages\/\">cette le\u00e7on<\/a> en ligne pour plus d&#8217;information sur les ajouts de plages).<\/p>\n\n\n\n<p>Pour les services avec une plage horaire pr\u00e9-d\u00e9finie, vous devez appliquer des mod\u00e8les.  Selon la complexit\u00e9 de l&#8217;horaire et la p\u00e9riode demand\u00e9e, vous avez le choix d&#8217;appliquer un mod\u00e8le pour une journ\u00e9e ou un mod\u00e8le pour une semaine.  Ces deux choix peuvent \u00eatre appliquer sur n&#8217;importe quelle p\u00e9riode.  La diff\u00e9rence est simplement que le mod\u00e8le d&#8217;une journ\u00e9e r\u00e9p\u00e8te cette journ\u00e9e pour l&#8217;ensemble des journ\u00e9es choisies pour une p\u00e9riode et, un mod\u00e8le pour une semaine permet des mod\u00e8les diff\u00e9rents par journ\u00e9e de la semaine.<\/p>\n\n\n\n<p>Pour appliquer un mod\u00e8le, <\/p>\n\n\n\n<p><em>* les instructions suivantes s&#8217;appliquent autant pour la vue quotidienne que pour la vue semaine choisie.  Il n&#8217;est techniquement pas n\u00e9cessaire d&#8217;\u00eatre dans la p\u00e9riode que vous d\u00e9sirez modifier, mais il est fortement sugg\u00e9r\u00e9 de valider l&#8217;\u00e9tat de l&#8217;horaire avant d&#8217;appliquer un mod\u00e8le (par exemple existe-t-il des plages d\u00e9j\u00e0 prises pour la p\u00e9riode orpheline, si le service y a fait un ajout manuel, etc).<\/em>  <br>1 &#8211; s\u00e9lectionner l&#8217;horaire d\u00e9sir\u00e9 \u00e0 la gauche de l&#8217;\u00e9cran horaire.<br>2 &#8211; faire un clique de droit sur la ligne \u00abHoraire\u00bb en haut au centre de l&#8217;\u00e9cran <\/p>\n\n\n\n<figure class=\"wp-block-image size-large is-resized\"><img loading=\"lazy\" decoding=\"async\" src=\"https:\/\/chuv.umontreal.ca\/intranet\/ti\/wp-content\/uploads\/sites\/6\/2020\/11\/Screen-Shot-2020-11-12-at-3.06.05-PM-700x285.png\" alt=\"\" class=\"wp-image-492\" width=\"419\" height=\"171\" srcset=\"https:\/\/chuv.umontreal.ca\/intranet\/ti\/wp-content\/uploads\/sites\/6\/2020\/11\/Screen-Shot-2020-11-12-at-3.06.05-PM-700x285.png 700w, https:\/\/chuv.umontreal.ca\/intranet\/ti\/wp-content\/uploads\/sites\/6\/2020\/11\/Screen-Shot-2020-11-12-at-3.06.05-PM-300x122.png 300w, https:\/\/chuv.umontreal.ca\/intranet\/ti\/wp-content\/uploads\/sites\/6\/2020\/11\/Screen-Shot-2020-11-12-at-3.06.05-PM-768x313.png 768w, https:\/\/chuv.umontreal.ca\/intranet\/ti\/wp-content\/uploads\/sites\/6\/2020\/11\/Screen-Shot-2020-11-12-at-3.06.05-PM-800x326.png 800w, https:\/\/chuv.umontreal.ca\/intranet\/ti\/wp-content\/uploads\/sites\/6\/2020\/11\/Screen-Shot-2020-11-12-at-3.06.05-PM.png 820w\" sizes=\"auto, (max-width: 419px) 100vw, 419px\" \/><\/figure>\n\n\n\n<p>3 &#8211; Choisir l&#8217;option \u00abAppliquer mod\u00e8le\u00bb<\/p>\n\n\n\n<figure class=\"wp-block-image size-large\"><img loading=\"lazy\" decoding=\"async\" width=\"700\" height=\"158\" src=\"https:\/\/chuv.umontreal.ca\/intranet\/ti\/wp-content\/uploads\/sites\/6\/2020\/11\/Screen-Shot-2020-11-13-at-07.41.26-700x158.png\" alt=\"\" class=\"wp-image-520\" srcset=\"https:\/\/chuv.umontreal.ca\/intranet\/ti\/wp-content\/uploads\/sites\/6\/2020\/11\/Screen-Shot-2020-11-13-at-07.41.26-700x158.png 700w, https:\/\/chuv.umontreal.ca\/intranet\/ti\/wp-content\/uploads\/sites\/6\/2020\/11\/Screen-Shot-2020-11-13-at-07.41.26-300x68.png 300w, https:\/\/chuv.umontreal.ca\/intranet\/ti\/wp-content\/uploads\/sites\/6\/2020\/11\/Screen-Shot-2020-11-13-at-07.41.26-768x173.png 768w, https:\/\/chuv.umontreal.ca\/intranet\/ti\/wp-content\/uploads\/sites\/6\/2020\/11\/Screen-Shot-2020-11-13-at-07.41.26-1536x347.png 1536w, https:\/\/chuv.umontreal.ca\/intranet\/ti\/wp-content\/uploads\/sites\/6\/2020\/11\/Screen-Shot-2020-11-13-at-07.41.26-800x181.png 800w, https:\/\/chuv.umontreal.ca\/intranet\/ti\/wp-content\/uploads\/sites\/6\/2020\/11\/Screen-Shot-2020-11-13-at-07.41.26.png 1904w\" sizes=\"auto, (max-width: 700px) 100vw, 700px\" \/><\/figure>\n\n\n\n<p>4 &#8211; Dans la fen\u00eatre qui s&#8217;ouvre, <\/p>\n\n\n\n<figure class=\"wp-block-image size-large is-resized\"><img loading=\"lazy\" decoding=\"async\" src=\"https:\/\/chuv.umontreal.ca\/intranet\/ti\/wp-content\/uploads\/sites\/6\/2020\/11\/Screen-Shot-2020-11-13-at-07.59.42-700x527.png\" alt=\"\" class=\"wp-image-522\" width=\"445\" height=\"335\" srcset=\"https:\/\/chuv.umontreal.ca\/intranet\/ti\/wp-content\/uploads\/sites\/6\/2020\/11\/Screen-Shot-2020-11-13-at-07.59.42-700x527.png 700w, https:\/\/chuv.umontreal.ca\/intranet\/ti\/wp-content\/uploads\/sites\/6\/2020\/11\/Screen-Shot-2020-11-13-at-07.59.42-300x226.png 300w, https:\/\/chuv.umontreal.ca\/intranet\/ti\/wp-content\/uploads\/sites\/6\/2020\/11\/Screen-Shot-2020-11-13-at-07.59.42-768x578.png 768w, https:\/\/chuv.umontreal.ca\/intranet\/ti\/wp-content\/uploads\/sites\/6\/2020\/11\/Screen-Shot-2020-11-13-at-07.59.42-800x602.png 800w, https:\/\/chuv.umontreal.ca\/intranet\/ti\/wp-content\/uploads\/sites\/6\/2020\/11\/Screen-Shot-2020-11-13-at-07.59.42-80x60.png 80w, https:\/\/chuv.umontreal.ca\/intranet\/ti\/wp-content\/uploads\/sites\/6\/2020\/11\/Screen-Shot-2020-11-13-at-07.59.42.png 874w\" sizes=\"auto, (max-width: 445px) 100vw, 445px\" \/><\/figure>\n\n\n\n<ul class=\"wp-block-list\"><li>Choisir le type de mod\u00e8le que vous voulez appliquer (soit \u00abJour\u00bb ou \u00abSemaine\u00bb)<\/li><li>Choisir le mod\u00e8le via la liste des options dans le champ \u00abMod\u00e8le\u00bb.  <ul><li>N.B. Si vous voulez valider les plages avant de les appliquer, vous pouvez cliquer sur l&#8217;ic\u00f4ne de la \u00abloupe\u00bb situ\u00e9e \u00e0 la droite du champ \u00abMod\u00e8le\u00bb. Pour plus d&#8217;information, voir la section Modifier un mod\u00e8le existant plus bas dans cet article.<\/li><\/ul><\/li><li><span class=\"has-inline-color has-vivid-red-color\"><strong>ATTENTION<\/strong><\/span>! \u00ab<span class=\"has-inline-color has-black-color\">Overwrite<\/span>\u00bb effacera toutes les plages non-prises et changera les plages prises en statut \u00aborphelin\u00bb.  Si ce n&#8217;est pas s\u00e9lectionn\u00e9, les mod\u00e8les s&#8217;appliqueront en plus de ce qui est d\u00e9j\u00e0 sur l&#8217;horaire.<\/li><li>Choisir la p\u00e9riode pour laquelle vous voulez appliquer le mod\u00e8le<\/li><li>Dans la section \u00abJours\u00bb, par d\u00e9faut tous les jours de la semaine sont s\u00e9lectionn\u00e9s.  Si vous voulez appliquer les mod\u00e8les pour des jours pr\u00e9cis de la p\u00e9riode, d\u00e9s\u00e9lectionner les jours pour lesquels il ne faut pas appliquer le mod\u00e8le.<\/li><li>Dans la section \u00abR\u00e9p\u00e9ter chaque\u00bb, vous avez le choix d&#8217;appliquer par semaine ou aux 2, 3 ou 4 semaines.<\/li><li>Cliquer sur le bouton \u00abAppliqu\u00e9\u00bb pour appliquer le mod\u00e8le et retourner \u00e0 l&#8217;\u00e9cran d&#8217;horaire.<\/li><\/ul>\n\n\n\n<p id=\"modifier\"><strong>Modifier un mod\u00e8le existant<\/strong><\/p>\n\n\n\n<p>I &#8211; s\u00e9lectionner l&#8217;horaire d\u00e9sir\u00e9 \u00e0 la gauche de l&#8217;\u00e9cran horaire.<br>II &#8211; faire un clique de droit sur la ligne \u00abHoraire\u00bb en haut au centre de l&#8217;\u00e9cran<br>III &#8211; Choisir l&#8217;option \u00abAppliquer mod\u00e8le\u00bb<br>IV &#8211; Dans la fen\u00eatre qui s&#8217;ouvre,<\/p>\n\n\n\n<figure class=\"wp-block-image size-large is-resized\"><img loading=\"lazy\" decoding=\"async\" src=\"https:\/\/chuv.umontreal.ca\/intranet\/ti\/wp-content\/uploads\/sites\/6\/2020\/11\/Screen-Shot-2020-11-13-at-09.56.03-700x473.png\" alt=\"\" class=\"wp-image-527\" width=\"395\" height=\"267\" srcset=\"https:\/\/chuv.umontreal.ca\/intranet\/ti\/wp-content\/uploads\/sites\/6\/2020\/11\/Screen-Shot-2020-11-13-at-09.56.03-700x473.png 700w, https:\/\/chuv.umontreal.ca\/intranet\/ti\/wp-content\/uploads\/sites\/6\/2020\/11\/Screen-Shot-2020-11-13-at-09.56.03-300x203.png 300w, https:\/\/chuv.umontreal.ca\/intranet\/ti\/wp-content\/uploads\/sites\/6\/2020\/11\/Screen-Shot-2020-11-13-at-09.56.03-768x519.png 768w, https:\/\/chuv.umontreal.ca\/intranet\/ti\/wp-content\/uploads\/sites\/6\/2020\/11\/Screen-Shot-2020-11-13-at-09.56.03-800x541.png 800w, https:\/\/chuv.umontreal.ca\/intranet\/ti\/wp-content\/uploads\/sites\/6\/2020\/11\/Screen-Shot-2020-11-13-at-09.56.03.png 822w\" sizes=\"auto, (max-width: 395px) 100vw, 395px\" \/><\/figure>\n\n\n\n<p>IV-A &#8211; Choisir le mod\u00e8le \u00e0 modifier dans le champ \u00abMod\u00e8le\u00bb.  Ne pas oublier que les mod\u00e8les sont filtrer par type (Jour et Semaine) et service s\u00e9lectionn\u00e9.  Si vous ne voyez pas le mod\u00e8le que dont avez besoin, valider que vous \u00eates dans le bon horaire et dans le bon type.<br>IV-B &#8211; Cliquer sur l&#8217;ic\u00f4ne de la \u00abloupe\u00bb situ\u00e9e \u00e0 la droite du champ \u00abMod\u00e8le\u00bb (encadr\u00e9 en rouge dans l&#8217;image ci-haut)<\/p>\n\n\n\n<figure class=\"wp-block-image size-large\"><img loading=\"lazy\" decoding=\"async\" width=\"700\" height=\"464\" src=\"https:\/\/chuv.umontreal.ca\/intranet\/ti\/wp-content\/uploads\/sites\/6\/2020\/11\/Screen-Shot-2020-11-13-at-10.21.10-700x464.png\" alt=\"\" class=\"wp-image-530\" srcset=\"https:\/\/chuv.umontreal.ca\/intranet\/ti\/wp-content\/uploads\/sites\/6\/2020\/11\/Screen-Shot-2020-11-13-at-10.21.10-700x464.png 700w, https:\/\/chuv.umontreal.ca\/intranet\/ti\/wp-content\/uploads\/sites\/6\/2020\/11\/Screen-Shot-2020-11-13-at-10.21.10-300x199.png 300w, https:\/\/chuv.umontreal.ca\/intranet\/ti\/wp-content\/uploads\/sites\/6\/2020\/11\/Screen-Shot-2020-11-13-at-10.21.10-768x509.png 768w, https:\/\/chuv.umontreal.ca\/intranet\/ti\/wp-content\/uploads\/sites\/6\/2020\/11\/Screen-Shot-2020-11-13-at-10.21.10-1536x1018.png 1536w, https:\/\/chuv.umontreal.ca\/intranet\/ti\/wp-content\/uploads\/sites\/6\/2020\/11\/Screen-Shot-2020-11-13-at-10.21.10-800x530.png 800w, https:\/\/chuv.umontreal.ca\/intranet\/ti\/wp-content\/uploads\/sites\/6\/2020\/11\/Screen-Shot-2020-11-13-at-10.21.10.png 1560w\" sizes=\"auto, (max-width: 700px) 100vw, 700px\" \/><figcaption>Image pour IV-B-1 \u00e0 IV-B-9<\/figcaption><\/figure>\n\n\n\n<p>IV-B -1: Nom visible dans la liste des choix de mod\u00e8les<br>IV-B -2: \u00abDescription\u00bb est simplement une boite de texte visible dans cette \u00e9cran.  Vous pouvez l&#8217;utiliser pour vos notes internes \u00e0 propos de ce mod\u00e8le.<br>IV-B -3: Le personnel assign\u00e9 ici est celui qui est visible en haut d&#8217;une colonne sur l&#8217;horaire.  Vous pouvez effacer le personnel du mod\u00e8le en cliquant sur le X rouge situ\u00e9 \u00e0 la gauche du titre.  Vous pouvez \u00e9galement ajouter du personnel en faisant un clique de droit sur la ligne et en cliquant sur l&#8217;option \u00abModifier personnel\u00bb.<\/p>\n\n\n\n<figure class=\"wp-block-image size-large\"><img loading=\"lazy\" decoding=\"async\" width=\"700\" height=\"83\" src=\"https:\/\/chuv.umontreal.ca\/intranet\/ti\/wp-content\/uploads\/sites\/6\/2020\/11\/Screen-Shot-2020-11-13-at-10.18.15-700x83.png\" alt=\"\" class=\"wp-image-533\" srcset=\"https:\/\/chuv.umontreal.ca\/intranet\/ti\/wp-content\/uploads\/sites\/6\/2020\/11\/Screen-Shot-2020-11-13-at-10.18.15-700x83.png 700w, https:\/\/chuv.umontreal.ca\/intranet\/ti\/wp-content\/uploads\/sites\/6\/2020\/11\/Screen-Shot-2020-11-13-at-10.18.15-300x36.png 300w, https:\/\/chuv.umontreal.ca\/intranet\/ti\/wp-content\/uploads\/sites\/6\/2020\/11\/Screen-Shot-2020-11-13-at-10.18.15-768x91.png 768w, https:\/\/chuv.umontreal.ca\/intranet\/ti\/wp-content\/uploads\/sites\/6\/2020\/11\/Screen-Shot-2020-11-13-at-10.18.15-1536x182.png 1536w, https:\/\/chuv.umontreal.ca\/intranet\/ti\/wp-content\/uploads\/sites\/6\/2020\/11\/Screen-Shot-2020-11-13-at-10.18.15-800x95.png 800w, https:\/\/chuv.umontreal.ca\/intranet\/ti\/wp-content\/uploads\/sites\/6\/2020\/11\/Screen-Shot-2020-11-13-at-10.18.15.png 1718w\" sizes=\"auto, (max-width: 700px) 100vw, 700px\" \/><\/figure>\n\n\n\n<p>IV-B -4: Les commentaires entr\u00e9es ici sont ceux visibles en haut d&#8217;une colonne sur l&#8217;horaire.  Vous pouvez ajouter\/modifier le commentaire sur l&#8217;horaire en faisant un clique de droit sur la ligne et en cliquant sur l&#8217;option \u00abAjouter commentaire\u00bb.<\/p>\n\n\n\n<figure class=\"wp-block-image size-large\"><img loading=\"lazy\" decoding=\"async\" width=\"700\" height=\"97\" src=\"https:\/\/chuv.umontreal.ca\/intranet\/ti\/wp-content\/uploads\/sites\/6\/2020\/11\/Screen-Shot-2020-11-13-at-10.18.24-700x97.png\" alt=\"\" class=\"wp-image-534\" srcset=\"https:\/\/chuv.umontreal.ca\/intranet\/ti\/wp-content\/uploads\/sites\/6\/2020\/11\/Screen-Shot-2020-11-13-at-10.18.24-700x97.png 700w, https:\/\/chuv.umontreal.ca\/intranet\/ti\/wp-content\/uploads\/sites\/6\/2020\/11\/Screen-Shot-2020-11-13-at-10.18.24-300x42.png 300w, https:\/\/chuv.umontreal.ca\/intranet\/ti\/wp-content\/uploads\/sites\/6\/2020\/11\/Screen-Shot-2020-11-13-at-10.18.24-768x107.png 768w, https:\/\/chuv.umontreal.ca\/intranet\/ti\/wp-content\/uploads\/sites\/6\/2020\/11\/Screen-Shot-2020-11-13-at-10.18.24-1536x213.png 1536w, https:\/\/chuv.umontreal.ca\/intranet\/ti\/wp-content\/uploads\/sites\/6\/2020\/11\/Screen-Shot-2020-11-13-at-10.18.24-800x111.png 800w, https:\/\/chuv.umontreal.ca\/intranet\/ti\/wp-content\/uploads\/sites\/6\/2020\/11\/Screen-Shot-2020-11-13-at-10.18.24.png 1744w\" sizes=\"auto, (max-width: 700px) 100vw, 700px\" \/><\/figure>\n\n\n\n<p>IV-B -5: S&#8217;il y a des plages d&#8217;assign\u00e9es pour la section \u00abArriv\u00e9 d&#8217;avance\u00bb dans la colonne \u00abTask\u00bb sur l&#8217;horaire, il seront visible ici.  Voir IV-B -7 pour plus d&#8217;information sur comment ajouter des plages dans votre mod\u00e8le.  Voir la section IV-B -6 pour plus d&#8217;information sur comment bloquer une de ces plages dans le mod\u00e8le.<br>IV-B -6: S&#8217;il y a des plages de rendez-vous associ\u00e9es avec ce mod\u00e8le, elles seront visibles dans cette section.  Voir IV-B -7 pour plus d&#8217;information sur comment ajouter des plages dans votre mod\u00e8le.<\/p>\n\n\n\n<figure class=\"wp-block-image size-large\"><img loading=\"lazy\" decoding=\"async\" width=\"700\" height=\"286\" src=\"https:\/\/chuv.umontreal.ca\/intranet\/ti\/wp-content\/uploads\/sites\/6\/2020\/11\/Screen-Shot-2020-11-13-at-10.36.58-700x286.png\" alt=\"\" class=\"wp-image-536\" srcset=\"https:\/\/chuv.umontreal.ca\/intranet\/ti\/wp-content\/uploads\/sites\/6\/2020\/11\/Screen-Shot-2020-11-13-at-10.36.58-700x286.png 700w, https:\/\/chuv.umontreal.ca\/intranet\/ti\/wp-content\/uploads\/sites\/6\/2020\/11\/Screen-Shot-2020-11-13-at-10.36.58-300x122.png 300w, https:\/\/chuv.umontreal.ca\/intranet\/ti\/wp-content\/uploads\/sites\/6\/2020\/11\/Screen-Shot-2020-11-13-at-10.36.58-768x314.png 768w, https:\/\/chuv.umontreal.ca\/intranet\/ti\/wp-content\/uploads\/sites\/6\/2020\/11\/Screen-Shot-2020-11-13-at-10.36.58-800x327.png 800w, https:\/\/chuv.umontreal.ca\/intranet\/ti\/wp-content\/uploads\/sites\/6\/2020\/11\/Screen-Shot-2020-11-13-at-10.36.58.png 1494w\" sizes=\"auto, (max-width: 700px) 100vw, 700px\" \/><\/figure>\n\n\n\n<p>Si vous avez des modifications \u00e0 faire sur la plage, faire un clique de droit sur la ligne et vous pourrez ensuite:<\/p>\n\n\n\n<figure class=\"wp-block-image size-large\"><img loading=\"lazy\" decoding=\"async\" width=\"700\" height=\"266\" src=\"https:\/\/chuv.umontreal.ca\/intranet\/ti\/wp-content\/uploads\/sites\/6\/2020\/11\/Screen-Shot-2020-11-13-at-10.13.20-700x266.png\" alt=\"\" class=\"wp-image-539\" srcset=\"https:\/\/chuv.umontreal.ca\/intranet\/ti\/wp-content\/uploads\/sites\/6\/2020\/11\/Screen-Shot-2020-11-13-at-10.13.20-700x266.png 700w, https:\/\/chuv.umontreal.ca\/intranet\/ti\/wp-content\/uploads\/sites\/6\/2020\/11\/Screen-Shot-2020-11-13-at-10.13.20-300x114.png 300w, https:\/\/chuv.umontreal.ca\/intranet\/ti\/wp-content\/uploads\/sites\/6\/2020\/11\/Screen-Shot-2020-11-13-at-10.13.20-768x292.png 768w, https:\/\/chuv.umontreal.ca\/intranet\/ti\/wp-content\/uploads\/sites\/6\/2020\/11\/Screen-Shot-2020-11-13-at-10.13.20-1536x584.png 1536w, https:\/\/chuv.umontreal.ca\/intranet\/ti\/wp-content\/uploads\/sites\/6\/2020\/11\/Screen-Shot-2020-11-13-at-10.13.20-800x304.png 800w, https:\/\/chuv.umontreal.ca\/intranet\/ti\/wp-content\/uploads\/sites\/6\/2020\/11\/Screen-Shot-2020-11-13-at-10.13.20.png 1640w\" sizes=\"auto, (max-width: 700px) 100vw, 700px\" \/><\/figure>\n\n\n\n<ul class=\"wp-block-list\"><li>cliquer sur l&#8217;option \u00abD\u00e9tails\u00bb pour modifier la plage<ul><li>\u00abHeure\u00bb est le d\u00e9but et la fin de la plage<\/li><li>\u00abType RV\u00bb est le type du RV qui sera utilis\u00e9 pour le Trouver prochain RV, entre autres<\/li><li>\u00abGenre de t\u00e2che\u00bb est la fa\u00e7on d&#8217;indiquer si la plage est pour un rendez-vous ou si c&#8217;est pour une plage arriv\u00e9 d&#8217;avance.<\/li><li>\u00abAj. auto personnel\u00bb est la liste du personnel sur la plage.  Si vous assigner un v\u00e9t\u00e9rinaire traitant, il sera ajout\u00e9 automatiquement sur une pr\u00e9-admission lors d&#8217;une prise de rendez-vous dans cette plage (si un v\u00e9t\u00e9rinaire traitant n&#8217;a pas \u00e9t\u00e9 d\u00e9j\u00e0 assign\u00e9 lors de la pr\u00e9-admission avant la prise de rendez-vous).  Le personnel auto-ajout\u00e9 sur une pr\u00e9-admission est visible dans un section \u00abAj. auto personnel\u00bb sur la pr\u00e9-admission.  Vous pouvez effacer le personnel si cela ne s&#8217;applique pas en utilisant le x rouge comme pour tout personnel. <\/li><li>\u00abDescription\u00bb est visible sur l&#8217;horaire dans le champ description sur la plage<\/li><li>\u00abCommentaires\u00bb est visible sur l&#8217;horaire dans le champs commentaires sur la plage<\/li><\/ul><\/li><li>cliquer sur l&#8217;option \u00abOuvrir plage\u00bb ou \u00abBarr\u00e9 cette plage\u00bb pour ouvrir ou barrer la plage<\/li><li>cliquer sur \u00abEffacer plage\u00bb pour retirer la plage du mod\u00e8le.<\/li><\/ul>\n\n\n\n<p>IV-B -7: Cliquer sur le bouton \u00abAjouter plage\u00bb en haut de la fen\u00eatre pour ajouter une plage dans le mod\u00e8le existant.<br>IV-B -8:  Cliquer sur le bouton \u00abImprimer\u00bb si vous voulez g\u00e9n\u00e9rer une version PDF de votre mod\u00e8le.<br>IV-B -9: <span class=\"has-inline-color has-vivid-red-color\"><strong>ATTENTION<\/strong><\/span>!  Cliquer sur le bouton \u00abEffacer\u00bb en haut de la fen\u00eatre pour effacer compl\u00e8tement le mod\u00e8le.  Cette action nest irr\u00e9versible!<\/p>\n\n\n\n<p><strong>Effacer des \u00e9l\u00e9ments d&#8217;un horaire pour une p\u00e9riode sp\u00e9cifique<\/strong><\/p>\n\n\n\n<p>Si jamais vous avez besoin d&#8217;effacer l&#8217;ensemble des plages sur un horaire pour une p\u00e9riode donn\u00e9e, l&#8217;ensemble des commentaires pour un p\u00e9riode donn\u00e9e, et\/ou l&#8217;ensemble du personnel pour une p\u00e9riode donn\u00e9e:<\/p>\n\n\n\n<p><span class=\"has-inline-color has-vivid-red-color\">ATTENTION!  CETTE ACTION EST IRR\u00c9VERSIBLE.<\/span><\/p>\n\n\n\n<p>1 &#8211; cliquer sur l&#8217;option \u00abEffacer element horaire\u00bb.<\/p>\n\n\n\n<figure class=\"wp-block-image size-large is-resized\"><img loading=\"lazy\" decoding=\"async\" src=\"https:\/\/chuv.umontreal.ca\/intranet\/ti\/wp-content\/uploads\/sites\/6\/2020\/11\/Screen-Shot-2020-11-12-at-3.25.24-PM.png\" alt=\"\" class=\"wp-image-503\" width=\"304\" height=\"217\" srcset=\"https:\/\/chuv.umontreal.ca\/intranet\/ti\/wp-content\/uploads\/sites\/6\/2020\/11\/Screen-Shot-2020-11-12-at-3.25.24-PM.png 556w, https:\/\/chuv.umontreal.ca\/intranet\/ti\/wp-content\/uploads\/sites\/6\/2020\/11\/Screen-Shot-2020-11-12-at-3.25.24-PM-300x214.png 300w\" sizes=\"auto, (max-width: 304px) 100vw, 304px\" \/><figcaption><br><\/figcaption><\/figure>\n\n\n\n<p>2 &#8211; Choisir les \u00e9l\u00e9ments \u00e0 effacer et la p\u00e9riode d\u00e9sir\u00e9e<\/p>\n\n\n\n<ul class=\"wp-block-list\"><li>\u00abPlages\u00bb effacera toutes les plages vides.  Les plages d\u00e9j\u00e0 prises resteront sur l&#8217;horaire en statut \u00abOrphelin\u00bb (ou non prises d&#8217;une plage standard).<\/li><li>\u00abComments\u00bb effacera tous les commentaires au niveau de l&#8217;horaire.  Les commentaires dans des plages de rendez-vous pris resteront.<\/li><li>\u00abPersonnel\u00bb effacera tout le personnel associ\u00e9 au niveau de l&#8217;horaire.  Le personnel d\u00e9j\u00e0 assign\u00e9 \u00e0 la pr\u00e9-admission dans des plages prises resteront.<\/li><\/ul>\n\n\n\n<figure class=\"wp-block-image size-large is-resized\"><img loading=\"lazy\" decoding=\"async\" src=\"https:\/\/chuv.umontreal.ca\/intranet\/ti\/wp-content\/uploads\/sites\/6\/2020\/11\/Screen-Shot-2020-11-12-at-3.25.45-PM-700x356.png\" alt=\"\" class=\"wp-image-504\" width=\"436\" height=\"222\" srcset=\"https:\/\/chuv.umontreal.ca\/intranet\/ti\/wp-content\/uploads\/sites\/6\/2020\/11\/Screen-Shot-2020-11-12-at-3.25.45-PM-700x356.png 700w, https:\/\/chuv.umontreal.ca\/intranet\/ti\/wp-content\/uploads\/sites\/6\/2020\/11\/Screen-Shot-2020-11-12-at-3.25.45-PM-300x153.png 300w, https:\/\/chuv.umontreal.ca\/intranet\/ti\/wp-content\/uploads\/sites\/6\/2020\/11\/Screen-Shot-2020-11-12-at-3.25.45-PM-768x391.png 768w, https:\/\/chuv.umontreal.ca\/intranet\/ti\/wp-content\/uploads\/sites\/6\/2020\/11\/Screen-Shot-2020-11-12-at-3.25.45-PM-800x407.png 800w, https:\/\/chuv.umontreal.ca\/intranet\/ti\/wp-content\/uploads\/sites\/6\/2020\/11\/Screen-Shot-2020-11-12-at-3.25.45-PM.png 880w\" sizes=\"auto, (max-width: 436px) 100vw, 436px\" \/><\/figure>\n\n\n\n<p>3 &#8211; Cliquer \u00abEffacer \u00e9l\u00e9ments horaire\u00bb<\/p>\n","protected":false},"excerpt":{"rendered":"<p>Dans les horaires CHUV, il est possible d&#8217;avoir des plages horaires pr\u00e9-d\u00e9finies par le service de m\u00eame qu&#8217;avoir des plages horaires suppl\u00e9mentaires approuv\u00e9es par le service. Les plages horaires pr\u00e9d\u00e9finies sont cr\u00e9\u00e9s via des \u00abMod\u00e8les\u00bb. Cet article explique comment cr\u00e9er, modifier, appliquer et effacer ces mod\u00e8les. La gestion des horaires obligent un acc\u00e8s de haut [&hellip;]<\/p>\n","protected":false},"author":3,"featured_media":0,"comment_status":"closed","ping_status":"closed","sticky":false,"template":"","format":"standard","meta":{"footnotes":""},"categories":[90,86],"tags":[],"class_list":["post-433","post","type-post","status-publish","format-standard","hentry","category-index","category-secretariat-gestion-parametres"],"_links":{"self":[{"href":"https:\/\/chuv.umontreal.ca\/intranet\/ti\/wp-json\/wp\/v2\/posts\/433","targetHints":{"allow":["GET"]}}],"collection":[{"href":"https:\/\/chuv.umontreal.ca\/intranet\/ti\/wp-json\/wp\/v2\/posts"}],"about":[{"href":"https:\/\/chuv.umontreal.ca\/intranet\/ti\/wp-json\/wp\/v2\/types\/post"}],"author":[{"embeddable":true,"href":"https:\/\/chuv.umontreal.ca\/intranet\/ti\/wp-json\/wp\/v2\/users\/3"}],"replies":[{"embeddable":true,"href":"https:\/\/chuv.umontreal.ca\/intranet\/ti\/wp-json\/wp\/v2\/comments?post=433"}],"version-history":[{"count":47,"href":"https:\/\/chuv.umontreal.ca\/intranet\/ti\/wp-json\/wp\/v2\/posts\/433\/revisions"}],"predecessor-version":[{"id":4497,"href":"https:\/\/chuv.umontreal.ca\/intranet\/ti\/wp-json\/wp\/v2\/posts\/433\/revisions\/4497"}],"wp:attachment":[{"href":"https:\/\/chuv.umontreal.ca\/intranet\/ti\/wp-json\/wp\/v2\/media?parent=433"}],"wp:term":[{"taxonomy":"category","embeddable":true,"href":"https:\/\/chuv.umontreal.ca\/intranet\/ti\/wp-json\/wp\/v2\/categories?post=433"},{"taxonomy":"post_tag","embeddable":true,"href":"https:\/\/chuv.umontreal.ca\/intranet\/ti\/wp-json\/wp\/v2\/tags?post=433"}],"curies":[{"name":"wp","href":"https:\/\/api.w.org\/{rel}","templated":true}]}}