{"id":443,"date":"2020-11-12T14:59:45","date_gmt":"2020-11-12T19:59:45","guid":{"rendered":"https:\/\/chuv.umontreal.ca\/intranet\/ti\/?p=443"},"modified":"2021-05-06T07:13:31","modified_gmt":"2021-05-06T12:13:31","slug":"horaire-ajouter-des-plages","status":"publish","type":"post","link":"https:\/\/chuv.umontreal.ca\/intranet\/ti\/horaire-ajouter-des-plages\/","title":{"rendered":"Horaire: Ajouter des plages vides (12-11-2020)"},"content":{"rendered":"\n<p><i>Cet article explique comment ajouter une plage vide de rendez-vous, ou arriv\u00e9 d&#8217;avance, manuellement sur un horaire.  <\/i><span><i><u>Si votre service fonctionne en utilisant des plages pr\u00e9-d\u00e9finies et que vous d\u00e9sirez que la que la(s) plage(s) soient dans votre mod\u00e8le, vous devez contacter Fabienne Binggeli.<\/u><\/i><\/span><i>  Toutes les plages ajout\u00e9es manuellement sont compt\u00e9es par la Direction comme \u00e9tant des plages de rendez-vous suppl\u00e9mentaires.<\/i><\/p>\n\n\n\n<p><strong><span style=\"text-decoration: underline;\">Pr\u00e9-requis<\/span><\/strong>:  Vous devez \u00eatre confortable avec l&#8217;horaire en g\u00e9n\u00e9rale afin de pouvoir utiliser cette le\u00e7on.  Si ce n&#8217;est pas le cas, <a href=\"https:\/\/chuv.umontreal.ca\/intranet\/ti\/consultations-des-horaires\/\" data-type=\"post\" data-id=\"11\">SVP voir cette le\u00e7on en ligne<\/a> avant de commencer l&#8217;\u00e9tude de cette le\u00e7on. <\/p>\n\n\n\n<p><strong>Ajouter une plage vide dans l&#8217;horaire<\/strong><\/p>\n\n\n\n<p>1 &#8211; Ouvrir l&#8217;\u00e9cran d&#8217;horaire et s\u00e9lectionner l&#8217;horaire pour lequel vous d\u00e9sirez ajouter une plage vide.<br>2 &#8211; S\u00e9lectionner la journ\u00e9e o\u00f9 vous voulez ajouter une plage vide.<br>3 &#8211; Faire un clique de droit dans la colonne o\u00f9 vous voulez ajouter une plage vide et choisir l&#8217;option \u00abAjouter plage\u00bb.<\/p>\n\n\n\n<figure class=\"wp-block-image size-large is-resized\"><img loading=\"lazy\" decoding=\"async\" src=\"https:\/\/chuv.umontreal.ca\/intranet\/ti\/wp-content\/uploads\/sites\/6\/2020\/11\/Screen-Shot-2020-11-13-at-12.44.11-700x527.png\" alt=\"\" class=\"wp-image-563\" width=\"445\" height=\"335\" srcset=\"https:\/\/chuv.umontreal.ca\/intranet\/ti\/wp-content\/uploads\/sites\/6\/2020\/11\/Screen-Shot-2020-11-13-at-12.44.11-700x527.png 700w, https:\/\/chuv.umontreal.ca\/intranet\/ti\/wp-content\/uploads\/sites\/6\/2020\/11\/Screen-Shot-2020-11-13-at-12.44.11-300x226.png 300w, https:\/\/chuv.umontreal.ca\/intranet\/ti\/wp-content\/uploads\/sites\/6\/2020\/11\/Screen-Shot-2020-11-13-at-12.44.11-768x578.png 768w, https:\/\/chuv.umontreal.ca\/intranet\/ti\/wp-content\/uploads\/sites\/6\/2020\/11\/Screen-Shot-2020-11-13-at-12.44.11-800x602.png 800w, https:\/\/chuv.umontreal.ca\/intranet\/ti\/wp-content\/uploads\/sites\/6\/2020\/11\/Screen-Shot-2020-11-13-at-12.44.11-80x60.png 80w, https:\/\/chuv.umontreal.ca\/intranet\/ti\/wp-content\/uploads\/sites\/6\/2020\/11\/Screen-Shot-2020-11-13-at-12.44.11.png 1462w\" sizes=\"auto, (max-width: 445px) 100vw, 445px\" \/><\/figure>\n\n\n\n<p>4 &#8211; Remplir l&#8217;information applicable dans la fen\u00eatre qui s&#8217;ouvre:<\/p>\n\n\n\n<figure class=\"wp-block-image size-large is-resized\"><img loading=\"lazy\" decoding=\"async\" src=\"https:\/\/chuv.umontreal.ca\/intranet\/ti\/wp-content\/uploads\/sites\/6\/2020\/11\/Screen-Shot-2020-11-13-at-12.37.33-700x359.png\" alt=\"\" class=\"wp-image-564\" width=\"557\" height=\"286\" srcset=\"https:\/\/chuv.umontreal.ca\/intranet\/ti\/wp-content\/uploads\/sites\/6\/2020\/11\/Screen-Shot-2020-11-13-at-12.37.33-700x359.png 700w, https:\/\/chuv.umontreal.ca\/intranet\/ti\/wp-content\/uploads\/sites\/6\/2020\/11\/Screen-Shot-2020-11-13-at-12.37.33-300x154.png 300w, https:\/\/chuv.umontreal.ca\/intranet\/ti\/wp-content\/uploads\/sites\/6\/2020\/11\/Screen-Shot-2020-11-13-at-12.37.33-768x393.png 768w, https:\/\/chuv.umontreal.ca\/intranet\/ti\/wp-content\/uploads\/sites\/6\/2020\/11\/Screen-Shot-2020-11-13-at-12.37.33-1536x787.png 1536w, https:\/\/chuv.umontreal.ca\/intranet\/ti\/wp-content\/uploads\/sites\/6\/2020\/11\/Screen-Shot-2020-11-13-at-12.37.33-800x410.png 800w, https:\/\/chuv.umontreal.ca\/intranet\/ti\/wp-content\/uploads\/sites\/6\/2020\/11\/Screen-Shot-2020-11-13-at-12.37.33.png 1644w\" sizes=\"auto, (max-width: 557px) 100vw, 557px\" \/><\/figure>\n\n\n\n<ul class=\"wp-block-list\"><li>\u00abDate\u00bb est la date choisie sur l&#8217;horaire par d\u00e9faut.  Vous pouvez la modifier si vous avez choisi la mauvaise journ\u00e9e.<\/li><li>\u00abHeure\u00bb est le d\u00e9but et la fin de la plage<\/li><li>\u00abType RV\u00bb est le type du RV qui sera utilis\u00e9 pour l&#8217;option \u00abTrouver le prochain RV\u00bb, entre autre<\/li><li>\u00abAj. auto personnel\u00bb est la liste du personnel sur la plage. Si vous assigner un v\u00e9t\u00e9rinaire traitant, il sera ajout\u00e9 automatiquement sur une pr\u00e9-admission, lors d&#8217;une prise de rendez-vous dans cette plage (si un v\u00e9t\u00e9rinaire traitant n&#8217;a pas d\u00e9j\u00e0 \u00e9t\u00e9 assign\u00e9 lors de la pr\u00e9-admission avant la prise de rendez-vous). Le personnel auto-ajout\u00e9 sur une pr\u00e9-admission est visible dans la section \u00abAj. auto personnel\u00bb sur la pr\u00e9-admission. Vous pouvez effacer le personnel si cela ne s&#8217;applique pas en utilisant le x rouge, comme pour tout personnel normalement.<\/li><li>\u00abDescription\u00bb est visible sur l&#8217;horaire dans le champ description sur la plage<\/li><li>\u00abCommentaires\u00bb est visible sur l&#8217;horaire dans le champs commentaires sur la plage<\/li><\/ul>\n\n\n\n<p>5 &#8211; Cliquer sur le bouton \u00abSauvegarder\u00bb pour ajouter la plage sur l&#8217;horaire.<\/p>\n\n\n\n<p><strong>Ajouter une plage vide dans la colonne \u00abTasks\u00bb dans la section Arriv\u00e9 d&#8217;avance<\/strong><\/p>\n\n\n\n<p>1 &#8211; Ouvrir l&#8217;\u00e9cran d&#8217;horaire et s\u00e9lectionner l&#8217;horaire pour lequel vous d\u00e9sirez ajouter une plage vide.<br>2 &#8211; S\u00e9lectionner la journ\u00e9e o\u00f9 vous voulez ajouter une plage vide.<br>3 &#8211; Faire un clique de droit dans la colonne \u00e0 gauche de l&#8217;\u00e9cran (\u00abTasks\u00bb) dans la section \u00abArriv\u00e9 d&#8217;avance\u00bb et choisir l&#8217;option \u00abAjouter plage\u00bb.<\/p>\n\n\n\n<figure class=\"wp-block-image size-large is-resized\"><img loading=\"lazy\" decoding=\"async\" src=\"https:\/\/chuv.umontreal.ca\/intranet\/ti\/wp-content\/uploads\/sites\/6\/2020\/11\/Screen-Shot-2020-11-13-at-12.52.40.png\" alt=\"\" class=\"wp-image-569\" width=\"185\" height=\"282\" srcset=\"https:\/\/chuv.umontreal.ca\/intranet\/ti\/wp-content\/uploads\/sites\/6\/2020\/11\/Screen-Shot-2020-11-13-at-12.52.40.png 538w, https:\/\/chuv.umontreal.ca\/intranet\/ti\/wp-content\/uploads\/sites\/6\/2020\/11\/Screen-Shot-2020-11-13-at-12.52.40-197x300.png 197w\" sizes=\"auto, (max-width: 185px) 100vw, 185px\" \/><\/figure>\n\n\n\n<p>4 &#8211; Remplir l&#8217;information applicable dans la fen\u00eatre qui s&#8217;ouvre:<\/p>\n\n\n\n<figure class=\"wp-block-image size-large is-resized\"><img loading=\"lazy\" decoding=\"async\" src=\"https:\/\/chuv.umontreal.ca\/intranet\/ti\/wp-content\/uploads\/sites\/6\/2020\/11\/Screen-Shot-2020-11-13-at-12.40.48-700x493.png\" alt=\"\" class=\"wp-image-570\" width=\"372\" height=\"262\" srcset=\"https:\/\/chuv.umontreal.ca\/intranet\/ti\/wp-content\/uploads\/sites\/6\/2020\/11\/Screen-Shot-2020-11-13-at-12.40.48-700x493.png 700w, https:\/\/chuv.umontreal.ca\/intranet\/ti\/wp-content\/uploads\/sites\/6\/2020\/11\/Screen-Shot-2020-11-13-at-12.40.48-300x211.png 300w, https:\/\/chuv.umontreal.ca\/intranet\/ti\/wp-content\/uploads\/sites\/6\/2020\/11\/Screen-Shot-2020-11-13-at-12.40.48-768x540.png 768w, https:\/\/chuv.umontreal.ca\/intranet\/ti\/wp-content\/uploads\/sites\/6\/2020\/11\/Screen-Shot-2020-11-13-at-12.40.48-800x563.png 800w, https:\/\/chuv.umontreal.ca\/intranet\/ti\/wp-content\/uploads\/sites\/6\/2020\/11\/Screen-Shot-2020-11-13-at-12.40.48.png 918w\" sizes=\"auto, (max-width: 372px) 100vw, 372px\" \/><\/figure>\n\n\n\n<ul class=\"wp-block-list\"><li>Remplir le champ \u00abDescription\u00bb selon les besoins.  \u00c0 VENIR:  liens vers le proc\u00e9durier Horaire (documentation \u00e9quipe Houle\/Auger) s&#8217;il existe.  Sinon, ajouter des marche \u00e0 suivre avec l&#8217;information de base.<\/li><li>S\u00e9lectionner l&#8217;horaire appropri\u00e9 dans la liste \u00abHoraire\u00bb.<\/li><li>Choisir le type \u00abEntrer cas\u00bb dans le champ \u00abType de RV\u00bb.  Si le type \u00abEntrer cas\u00bb n&#8217;est pas disponible pour l&#8217;horaire choisi, <a href=\"https:\/\/chuv.umontreal.ca\/intranet\/ti\/demande-techno-chuv\/\" data-type=\"post\" data-id=\"136\">SVP soumettre une demande de soutien pour l&#8217;ajouter<\/a>.<\/li><li>Choisir l&#8217;heure o\u00f9 cette plage doit d\u00e9buter dans le champ \u00abHeure\u00bb<\/li><li>Modifier la \u00abDur\u00e9e\u00bb si n\u00e9cessaire.<\/li><li>Ajouter des consignes\/explications pertinentes dans le champ \u00abCommentaire\u00bb. \u00c0 titre d&#8217;exemple, <ul><li>\u00abContacter Dr X \u00e0 514-000-9999 \u00e0 l&#8217;arriv\u00e9 de l&#8217;animal\u00bb<\/li><li>\u00abUniquement le service peut ajouter des cas dans cette plage.\u00bb<\/li><\/ul><\/li><li>Sauvegarder pour ajouter la plage.<\/li><\/ul>\n\n\n\n<p><strong>BONUS<\/strong><\/p>\n\n\n\n<p>Si vous avez plusieurs jours de plages \u00abEntrer cas\u00bb \u00e0 ajouter, cliquer sur le bouton \u00abAjouter \u00e0 plusieurs jours\u00bb pour pouvoir s\u00e9lectionner des dates et jours de la semaine.  <\/p>\n\n\n\n<figure class=\"wp-block-image size-large is-resized\"><img loading=\"lazy\" decoding=\"async\" src=\"https:\/\/chuv.umontreal.ca\/intranet\/ti\/wp-content\/uploads\/sites\/6\/2020\/11\/Screen-Shot-2020-11-13-at-13.04.28-700x326.png\" alt=\"\" class=\"wp-image-574\" width=\"406\" height=\"189\" srcset=\"https:\/\/chuv.umontreal.ca\/intranet\/ti\/wp-content\/uploads\/sites\/6\/2020\/11\/Screen-Shot-2020-11-13-at-13.04.28-700x326.png 700w, https:\/\/chuv.umontreal.ca\/intranet\/ti\/wp-content\/uploads\/sites\/6\/2020\/11\/Screen-Shot-2020-11-13-at-13.04.28-300x140.png 300w, https:\/\/chuv.umontreal.ca\/intranet\/ti\/wp-content\/uploads\/sites\/6\/2020\/11\/Screen-Shot-2020-11-13-at-13.04.28-768x358.png 768w, https:\/\/chuv.umontreal.ca\/intranet\/ti\/wp-content\/uploads\/sites\/6\/2020\/11\/Screen-Shot-2020-11-13-at-13.04.28-800x372.png 800w, https:\/\/chuv.umontreal.ca\/intranet\/ti\/wp-content\/uploads\/sites\/6\/2020\/11\/Screen-Shot-2020-11-13-at-13.04.28.png 872w\" sizes=\"auto, (max-width: 406px) 100vw, 406px\" \/><\/figure>\n\n\n\n<p>N.B.  Ne pas oublier que vous pouvez demander des plages pr\u00e9-d\u00e9finies pour des Entr\u00e9es de cas.  Si vous avez des plages standardis\u00e9es vous pouvez contacter Fabienne Binggeli pour la modification des mod\u00e8les de votre service.<\/p>\n\n\n\n<figure class=\"wp-block-video\"><video height=\"1080\" style=\"aspect-ratio: 1630 \/ 1080;\" width=\"1630\" controls src=\"https:\/\/chuv.umontreal.ca\/intranet\/ti\/wp-content\/uploads\/sites\/6\/2021\/05\/HoraiePlageVide_5mai2021.mp4\"><\/video><\/figure>\n\n\n\n<p class=\"has-text-align-right\">(Derni\u00e8re M\u00c0J: 24 mars 2021)<\/p>\n","protected":false},"excerpt":{"rendered":"<p>Cet article explique comment ajouter une plage vide de rendez-vous, ou arriv\u00e9 d&#8217;avance, manuellement sur un horaire. Si votre service fonctionne en utilisant des plages pr\u00e9-d\u00e9finies et que vous d\u00e9sirez que la que la(s) plage(s) soient dans votre mod\u00e8le, vous devez contacter Fabienne Binggeli. Toutes les plages ajout\u00e9es manuellement sont compt\u00e9es par la Direction comme [&hellip;]<\/p>\n","protected":false},"author":3,"featured_media":0,"comment_status":"closed","ping_status":"closed","sticky":false,"template":"","format":"standard","meta":{"footnotes":""},"categories":[60,84,26,90,5,51,27,4,6],"tags":[145],"class_list":["post-443","post","type-post","status-publish","format-standard","hentry","category-horaire-secretariat","category-horaire-tim","category-horaire-tsa","category-index","category-secretariat","category-service-specifique-hac-pratique-generale-dmv","category-tim","category-tsa-tim","category-veterinaire-resident-interne","tag-reviewed"],"_links":{"self":[{"href":"https:\/\/chuv.umontreal.ca\/intranet\/ti\/wp-json\/wp\/v2\/posts\/443","targetHints":{"allow":["GET"]}}],"collection":[{"href":"https:\/\/chuv.umontreal.ca\/intranet\/ti\/wp-json\/wp\/v2\/posts"}],"about":[{"href":"https:\/\/chuv.umontreal.ca\/intranet\/ti\/wp-json\/wp\/v2\/types\/post"}],"author":[{"embeddable":true,"href":"https:\/\/chuv.umontreal.ca\/intranet\/ti\/wp-json\/wp\/v2\/users\/3"}],"replies":[{"embeddable":true,"href":"https:\/\/chuv.umontreal.ca\/intranet\/ti\/wp-json\/wp\/v2\/comments?post=443"}],"version-history":[{"count":21,"href":"https:\/\/chuv.umontreal.ca\/intranet\/ti\/wp-json\/wp\/v2\/posts\/443\/revisions"}],"predecessor-version":[{"id":4301,"href":"https:\/\/chuv.umontreal.ca\/intranet\/ti\/wp-json\/wp\/v2\/posts\/443\/revisions\/4301"}],"wp:attachment":[{"href":"https:\/\/chuv.umontreal.ca\/intranet\/ti\/wp-json\/wp\/v2\/media?parent=443"}],"wp:term":[{"taxonomy":"category","embeddable":true,"href":"https:\/\/chuv.umontreal.ca\/intranet\/ti\/wp-json\/wp\/v2\/categories?post=443"},{"taxonomy":"post_tag","embeddable":true,"href":"https:\/\/chuv.umontreal.ca\/intranet\/ti\/wp-json\/wp\/v2\/tags?post=443"}],"curies":[{"name":"wp","href":"https:\/\/api.w.org\/{rel}","templated":true}]}}